{"id":18201,"date":"2017-05-05T19:22:11","date_gmt":"2017-05-05T22:22:11","guid":{"rendered":"https:\/\/eldiariodesanpedro.com.ar\/sitio\/?p=18201"},"modified":"2017-05-05T19:22:11","modified_gmt":"2017-05-05T22:22:11","slug":"baradero-detienen-en-buenos-aires-a-un-profugo-tras-accidente-donde-un-joven-perdio-la-vida","status":"publish","type":"post","link":"https:\/\/eldiariodesanpedro.com.ar\/sitio\/baradero-detienen-en-buenos-aires-a-un-profugo-tras-accidente-donde-un-joven-perdio-la-vida\/","title":{"rendered":"BARADERO: Detienen en Buenos Aires a un pr\u00f3fugo tras accidente donde un joven perdi\u00f3 la vida"},"content":{"rendered":"<p><!-- VideographyWP Plugin Message: Automatic video embedding prevented by plugin options. --><br \/>\nPersonal de la Subddi Baradero \u2013 San Pedro, a cargo del Subcomisario Carlos Ariel Cerdeyra, lograron detener en Capital Federal a un sujeto, identificado como Jos\u00e9 Mastroberti, que estaba pr\u00f3fugo por un delito caratulado como \u201cHomicidio Culposo\u201d.<\/p>\n<p>La diligencia fue emanada por el Juzgado Correccional N\u00b0 2  de San Nicol\u00e1s ha requerimiento de la Fiscal\u00eda N\u00b08 de Baradero.<\/p>\n<p>El hecho ocurri\u00f3 el pasado 12 de abril del a\u00f1o 2013, cuando un auto y una moto colisionaron en la intersecci\u00f3n de las calles Araoz y Gazc\u00f3n. En el rodado menor se dirig\u00eda Nazareno Isac Guiffe de 21 a\u00f1os, que falleci\u00f3 producto de las graves lesiones que hab\u00eda sufrido. Mastroberti abandon\u00f3 el lugar, d\u00e1ndose a la fuga.<\/p>\n<p>En la ma\u00f1ana de hoy los agentes de investigaciones junto a efectivos la comisar\u00eda de Baradero, y Polic\u00eda Federal Argentina, tras la requisitoria del pertinente exhorto al Juzgado Nacional Penal de Rogatorias de C.A.B.A., concretaron su captura y en la jornada de este viernes ser\u00e1 trasladado a la ciudad de Baradero, donde quedar\u00e1 alojado en la comisar\u00eda local, a disposici\u00f3n de la justicia.<\/p>\n","protected":false},"excerpt":{"rendered":"<p>Personal de la Subddi Baradero \u2013 San Pedro, a cargo del Subcomisario Carlos Ariel Cerdeyra, lograron detener en Capital Federal a un sujeto, identificado como Jos\u00e9 Mastroberti, que estaba pr\u00f3fugo por un delito caratulado como \u201cHomicidio Culposo\u201d. La diligencia fue emanada por el Juzgado Correccional N\u00b0 2 de San Nicol\u00e1s ha requerimiento de la Fiscal\u00eda [&hellip;]<\/p>\n","protected":false},"author":4,"featured_media":18203,"comment_status":"open","ping_status":"closed","sticky":false,"template":"","format":"standard","meta":{"om_disable_all_campaigns":false,"_jetpack_memberships_contains_paid_content":false,"footnotes":""},"categories":[621],"tags":[],"class_list":["post-18201","post","type-post","status-publish","format-standard","has-post-thumbnail","hentry","category-regionales"],"aioseo_notices":[],"gutentor_comment":0,"jetpack_featured_media_url":"https:\/\/eldiariodesanpedro.com.ar\/sitio\/wp-content\/uploads\/2017\/05\/Detienen-en-Buenos-Aires-a-un-pr\u00f3fugo-tras-accidente-donde-un-joven-perdi\u00f3-la-vida.jpg","jetpack_shortlink":"https:\/\/wp.me\/p6RhLt-4Jz","jetpack_sharing_enabled":true,"_links":{"self":[{"href":"https:\/\/eldiariodesanpedro.com.ar\/sitio\/wp-json\/wp\/v2\/posts\/18201","targetHints":{"allow":["GET"]}}],"collection":[{"href":"https:\/\/eldiariodesanpedro.com.ar\/sitio\/wp-json\/wp\/v2\/posts"}],"about":[{"href":"https:\/\/eldiariodesanpedro.com.ar\/sitio\/wp-json\/wp\/v2\/types\/post"}],"author":[{"embeddable":true,"href":"https:\/\/eldiariodesanpedro.com.ar\/sitio\/wp-json\/wp\/v2\/users\/4"}],"replies":[{"embeddable":true,"href":"https:\/\/eldiariodesanpedro.com.ar\/sitio\/wp-json\/wp\/v2\/comments?post=18201"}],"version-history":[{"count":1,"href":"https:\/\/eldiariodesanpedro.com.ar\/sitio\/wp-json\/wp\/v2\/posts\/18201\/revisions"}],"predecessor-version":[{"id":18204,"href":"https:\/\/eldiariodesanpedro.com.ar\/sitio\/wp-json\/wp\/v2\/posts\/18201\/revisions\/18204"}],"wp:featuredmedia":[{"embeddable":true,"href":"https:\/\/eldiariodesanpedro.com.ar\/sitio\/wp-json\/wp\/v2\/media\/18203"}],"wp:attachment":[{"href":"https:\/\/eldiariodesanpedro.com.ar\/sitio\/wp-json\/wp\/v2\/media?parent=18201"}],"wp:term":[{"taxonomy":"category","embeddable":true,"href":"https:\/\/eldiariodesanpedro.com.ar\/sitio\/wp-json\/wp\/v2\/categories?post=18201"},{"taxonomy":"post_tag","embeddable":true,"href":"https:\/\/eldiariodesanpedro.com.ar\/sitio\/wp-json\/wp\/v2\/tags?post=18201"}],"curies":[{"name":"wp","href":"https:\/\/api.w.org\/{rel}","templated":true}]}}