{"id":18198,"date":"2017-05-05T19:17:48","date_gmt":"2017-05-05T22:17:48","guid":{"rendered":"https:\/\/eldiariodesanpedro.com.ar\/sitio\/?p=18198"},"modified":"2017-05-05T19:21:07","modified_gmt":"2017-05-05T22:21:07","slug":"san-nicolas-balearon-a-un-hombre-para-robarle-el-auto","status":"publish","type":"post","link":"https:\/\/eldiariodesanpedro.com.ar\/sitio\/san-nicolas-balearon-a-un-hombre-para-robarle-el-auto\/","title":{"rendered":"SAN NICOL\u00c1S: Balearon a un hombre para robarle el auto"},"content":{"rendered":"<p><!-- VideographyWP Plugin Message: Automatic video embedding prevented by plugin options. --><br \/>\nConmoci\u00f3n en Lamadrid entre Lavalle y Belgrano, cuando dos delincuentes asaltaron a un hombre para robarle el auto y le dispararon en una de sus piernas.<\/p>\n<p>Aproximadamente a las 20, la zona de la calle Lamadrid entre Lavalle y Belgrano, se vio convulsionada por un violento hecho delictivo.<\/p>\n<p>Un hombre de apellido S\u00e1nchez, de 64 a\u00f1os, que estaba en el lugar con su autom\u00f3vil Peugeot 408 negro fue sorprendido por dos hombres vestidos con traje, que circulaban en un Gol Trend blanco, seguramente robado, y lo amenazaron con armas de fuego para robarle el veh\u00edculo.<\/p>\n<p>Ante la sorpresa y la violencia con que actuaron los individuos, S\u00e1nchez se resisti\u00f3 y forceje\u00f3 con los asaltantes, hasta que recibi\u00f3 un disparo en una de sus piernas, la izquierda.<\/p>\n<p>Inmediatamente los delincuentes se dieron a la fuga llev\u00e1ndose el Peugeot 408. R\u00e1pidamente lleg\u00f3 la Polic\u00eda, que ayud\u00f3 al herido traslad\u00e1ndolo en una patrulla al hospital San Felipe ya que aparentemente no llegaba la ambulancia.<\/p>\n<p>Se iniciaron las averiguaciones que marca el protocolo, para tratar de atrapar a los asaltantes y recuperar el veh\u00edculo.<\/p>\n<p>Efectivos de la Polic\u00eda Cient\u00edfica revisaron el sitio secuestrando el plomo que atraves\u00f3 la pierna de la v\u00edctima, que podr\u00eda haber salido de una pistola calibre 45. (Diario El Norte)<\/p>\n","protected":false},"excerpt":{"rendered":"<p>Conmoci\u00f3n en Lamadrid entre Lavalle y Belgrano, cuando dos delincuentes asaltaron a un hombre para robarle el auto y le dispararon en una de sus piernas. Aproximadamente a las 20, la zona de la calle Lamadrid entre Lavalle y Belgrano, se vio convulsionada por un violento hecho delictivo. Un hombre de apellido S\u00e1nchez, de 64 [&hellip;]<\/p>\n","protected":false},"author":4,"featured_media":18202,"comment_status":"open","ping_status":"closed","sticky":false,"template":"","format":"standard","meta":{"om_disable_all_campaigns":false,"_jetpack_memberships_contains_paid_content":false,"footnotes":""},"categories":[621],"tags":[],"class_list":["post-18198","post","type-post","status-publish","format-standard","has-post-thumbnail","hentry","category-regionales"],"aioseo_notices":[],"gutentor_comment":0,"jetpack_featured_media_url":"https:\/\/eldiariodesanpedro.com.ar\/sitio\/wp-content\/uploads\/2017\/05\/Balearon-a-un-hombre-para-robarle-el-auto-1.jpg","jetpack_shortlink":"https:\/\/wp.me\/p6RhLt-4Jw","jetpack_sharing_enabled":true,"_links":{"self":[{"href":"https:\/\/eldiariodesanpedro.com.ar\/sitio\/wp-json\/wp\/v2\/posts\/18198","targetHints":{"allow":["GET"]}}],"collection":[{"href":"https:\/\/eldiariodesanpedro.com.ar\/sitio\/wp-json\/wp\/v2\/posts"}],"about":[{"href":"https:\/\/eldiariodesanpedro.com.ar\/sitio\/wp-json\/wp\/v2\/types\/post"}],"author":[{"embeddable":true,"href":"https:\/\/eldiariodesanpedro.com.ar\/sitio\/wp-json\/wp\/v2\/users\/4"}],"replies":[{"embeddable":true,"href":"https:\/\/eldiariodesanpedro.com.ar\/sitio\/wp-json\/wp\/v2\/comments?post=18198"}],"version-history":[{"count":1,"href":"https:\/\/eldiariodesanpedro.com.ar\/sitio\/wp-json\/wp\/v2\/posts\/18198\/revisions"}],"predecessor-version":[{"id":18200,"href":"https:\/\/eldiariodesanpedro.com.ar\/sitio\/wp-json\/wp\/v2\/posts\/18198\/revisions\/18200"}],"wp:featuredmedia":[{"embeddable":true,"href":"https:\/\/eldiariodesanpedro.com.ar\/sitio\/wp-json\/wp\/v2\/media\/18202"}],"wp:attachment":[{"href":"https:\/\/eldiariodesanpedro.com.ar\/sitio\/wp-json\/wp\/v2\/media?parent=18198"}],"wp:term":[{"taxonomy":"category","embeddable":true,"href":"https:\/\/eldiariodesanpedro.com.ar\/sitio\/wp-json\/wp\/v2\/categories?post=18198"},{"taxonomy":"post_tag","embeddable":true,"href":"https:\/\/eldiariodesanpedro.com.ar\/sitio\/wp-json\/wp\/v2\/tags?post=18198"}],"curies":[{"name":"wp","href":"https:\/\/api.w.org\/{rel}","templated":true}]}}