{"id":18196,"date":"2017-05-05T19:07:44","date_gmt":"2017-05-05T22:07:44","guid":{"rendered":"https:\/\/eldiariodesanpedro.com.ar\/sitio\/?p=18196"},"modified":"2017-05-05T19:07:44","modified_gmt":"2017-05-05T22:07:44","slug":"acciente-un-hombre-sufrio-serias-lesiones-en-la-estacion-de-servicio-de-pellegegrini-y-3-de-febrero","status":"publish","type":"post","link":"https:\/\/eldiariodesanpedro.com.ar\/sitio\/acciente-un-hombre-sufrio-serias-lesiones-en-la-estacion-de-servicio-de-pellegegrini-y-3-de-febrero\/","title":{"rendered":"Acciente: Un hombre sufri\u00f3 serias lesiones en la estaci\u00f3n de servicio de Pellegegrini y 3 de Febrero"},"content":{"rendered":"<p><!-- VideographyWP Plugin Message: Automatic video embedding prevented by plugin options. --><br \/>\nEl incidente se produjo en la tarde del jueves en la estaci\u00f3n de servicio que se encuentra localizada en la esquina de 3 de Febrero y Pellegrini.<\/p>\n<p>El hecho se produjo en el lavadero cuando un empleado choc\u00f3 a otro cuando dio marcha atr\u00e1s, sin advertir que su compa\u00f1ero se hallaba en cercan\u00edas, quedando aprisionado entre el veh\u00edculo y la pared, y como consecuencia de ello sufri\u00f3 lesiones graves.<\/p>\n<p>Fue derivado al Hospital y seg\u00fan la informaci\u00f3n suministrada desde la Comisar\u00eda indica que se trata de una fractura de pelvis.<\/p>\n","protected":false},"excerpt":{"rendered":"<p>El incidente se produjo en la tarde del jueves en la estaci\u00f3n de servicio que se encuentra localizada en la esquina de 3 de Febrero y Pellegrini. El hecho se produjo en el lavadero cuando un empleado choc\u00f3 a otro cuando dio marcha atr\u00e1s, sin advertir que su compa\u00f1ero se hallaba en cercan\u00edas, quedando aprisionado [&hellip;]<\/p>\n","protected":false},"author":4,"featured_media":10265,"comment_status":"open","ping_status":"closed","sticky":false,"template":"","format":"standard","meta":{"om_disable_all_campaigns":false,"_jetpack_memberships_contains_paid_content":false,"footnotes":""},"categories":[2,103],"tags":[],"class_list":["post-18196","post","type-post","status-publish","format-standard","has-post-thumbnail","hentry","category-locales","category-policiales-locales"],"aioseo_notices":[],"gutentor_comment":0,"jetpack_featured_media_url":"https:\/\/eldiariodesanpedro.com.ar\/sitio\/wp-content\/uploads\/2016\/11\/hospital-san-pedro.jpg","jetpack_shortlink":"https:\/\/wp.me\/p6RhLt-4Ju","jetpack_sharing_enabled":true,"_links":{"self":[{"href":"https:\/\/eldiariodesanpedro.com.ar\/sitio\/wp-json\/wp\/v2\/posts\/18196","targetHints":{"allow":["GET"]}}],"collection":[{"href":"https:\/\/eldiariodesanpedro.com.ar\/sitio\/wp-json\/wp\/v2\/posts"}],"about":[{"href":"https:\/\/eldiariodesanpedro.com.ar\/sitio\/wp-json\/wp\/v2\/types\/post"}],"author":[{"embeddable":true,"href":"https:\/\/eldiariodesanpedro.com.ar\/sitio\/wp-json\/wp\/v2\/users\/4"}],"replies":[{"embeddable":true,"href":"https:\/\/eldiariodesanpedro.com.ar\/sitio\/wp-json\/wp\/v2\/comments?post=18196"}],"version-history":[{"count":1,"href":"https:\/\/eldiariodesanpedro.com.ar\/sitio\/wp-json\/wp\/v2\/posts\/18196\/revisions"}],"predecessor-version":[{"id":18197,"href":"https:\/\/eldiariodesanpedro.com.ar\/sitio\/wp-json\/wp\/v2\/posts\/18196\/revisions\/18197"}],"wp:featuredmedia":[{"embeddable":true,"href":"https:\/\/eldiariodesanpedro.com.ar\/sitio\/wp-json\/wp\/v2\/media\/10265"}],"wp:attachment":[{"href":"https:\/\/eldiariodesanpedro.com.ar\/sitio\/wp-json\/wp\/v2\/media?parent=18196"}],"wp:term":[{"taxonomy":"category","embeddable":true,"href":"https:\/\/eldiariodesanpedro.com.ar\/sitio\/wp-json\/wp\/v2\/categories?post=18196"},{"taxonomy":"post_tag","embeddable":true,"href":"https:\/\/eldiariodesanpedro.com.ar\/sitio\/wp-json\/wp\/v2\/tags?post=18196"}],"curies":[{"name":"wp","href":"https:\/\/api.w.org\/{rel}","templated":true}]}}