{"id":18194,"date":"2017-05-05T19:02:38","date_gmt":"2017-05-05T22:02:38","guid":{"rendered":"https:\/\/eldiariodesanpedro.com.ar\/sitio\/?p=18194"},"modified":"2017-05-05T19:02:38","modified_gmt":"2017-05-05T22:02:38","slug":"allanamientos-negativos-por-droga","status":"publish","type":"post","link":"https:\/\/eldiariodesanpedro.com.ar\/sitio\/allanamientos-negativos-por-droga\/","title":{"rendered":"Allanamientos negativos por droga"},"content":{"rendered":"<p><!-- VideographyWP Plugin Message: Automatic video embedding prevented by plugin options. --><br \/>\nLos procedimientos se llevaron a cabo en la tarde del jueves en tres domicilios de la ciudad en el marco de una causa investigada por la UFI N\u00b011 por denuncias por supuesta comercializaci\u00f3n de estupefacientes y usurpaci\u00f3n de propiedad. Los mismos fueron concretados en Liniers al 1600, otro en la misma calle al 1700 y en Benefactora Sampedrina al 515.<\/p>\n<p>La diligencia llevada a cabo por personal de la Divisi\u00f3n Drogas Il\u00edcitas de San Nicol\u00e1s, a cargo del Comisario Mayor Mario Demaestri, fue ordenada por por el Juzgado de Garant\u00edas N\u00b0 2 del Dr. Luis Pratti.<\/p>\n<p>Si bien no se hallaron drogas, fue aprehendido una persona de sexo masculino de 31 a\u00f1os de edad por tenencia de un arma ilegal, al encontrarse una escopeta calibre 28 recortada con la numeraci\u00f3n limada. Adem\u00e1s se incautaron tel\u00e9fonos celulares y dinero en efectivo.<\/p>\n<p>El imputado quedar\u00e1 alojado en la comisar\u00eda  de nuestra ciudad, por acumulaci\u00f3n de causas, a disposici\u00f3n de la UFI en turno.<\/p>\n","protected":false},"excerpt":{"rendered":"<p>Los procedimientos se llevaron a cabo en la tarde del jueves en tres domicilios de la ciudad en el marco de una causa investigada por la UFI N\u00b011 por denuncias por supuesta comercializaci\u00f3n de estupefacientes y usurpaci\u00f3n de propiedad. Los mismos fueron concretados en Liniers al 1600, otro en la misma calle al 1700 y [&hellip;]<\/p>\n","protected":false},"author":4,"featured_media":592,"comment_status":"open","ping_status":"closed","sticky":false,"template":"","format":"standard","meta":{"om_disable_all_campaigns":false,"_jetpack_memberships_contains_paid_content":false,"footnotes":""},"categories":[2,103],"tags":[],"class_list":["post-18194","post","type-post","status-publish","format-standard","has-post-thumbnail","hentry","category-locales","category-policiales-locales"],"aioseo_notices":[],"gutentor_comment":0,"jetpack_featured_media_url":"https:\/\/eldiariodesanpedro.com.ar\/sitio\/wp-content\/uploads\/2015\/11\/detenido-esposado-620x413.jpg","jetpack_shortlink":"https:\/\/wp.me\/p6RhLt-4Js","jetpack_sharing_enabled":true,"_links":{"self":[{"href":"https:\/\/eldiariodesanpedro.com.ar\/sitio\/wp-json\/wp\/v2\/posts\/18194","targetHints":{"allow":["GET"]}}],"collection":[{"href":"https:\/\/eldiariodesanpedro.com.ar\/sitio\/wp-json\/wp\/v2\/posts"}],"about":[{"href":"https:\/\/eldiariodesanpedro.com.ar\/sitio\/wp-json\/wp\/v2\/types\/post"}],"author":[{"embeddable":true,"href":"https:\/\/eldiariodesanpedro.com.ar\/sitio\/wp-json\/wp\/v2\/users\/4"}],"replies":[{"embeddable":true,"href":"https:\/\/eldiariodesanpedro.com.ar\/sitio\/wp-json\/wp\/v2\/comments?post=18194"}],"version-history":[{"count":1,"href":"https:\/\/eldiariodesanpedro.com.ar\/sitio\/wp-json\/wp\/v2\/posts\/18194\/revisions"}],"predecessor-version":[{"id":18195,"href":"https:\/\/eldiariodesanpedro.com.ar\/sitio\/wp-json\/wp\/v2\/posts\/18194\/revisions\/18195"}],"wp:featuredmedia":[{"embeddable":true,"href":"https:\/\/eldiariodesanpedro.com.ar\/sitio\/wp-json\/wp\/v2\/media\/592"}],"wp:attachment":[{"href":"https:\/\/eldiariodesanpedro.com.ar\/sitio\/wp-json\/wp\/v2\/media?parent=18194"}],"wp:term":[{"taxonomy":"category","embeddable":true,"href":"https:\/\/eldiariodesanpedro.com.ar\/sitio\/wp-json\/wp\/v2\/categories?post=18194"},{"taxonomy":"post_tag","embeddable":true,"href":"https:\/\/eldiariodesanpedro.com.ar\/sitio\/wp-json\/wp\/v2\/tags?post=18194"}],"curies":[{"name":"wp","href":"https:\/\/api.w.org\/{rel}","templated":true}]}}