{"id":18190,"date":"2017-05-05T18:56:48","date_gmt":"2017-05-05T21:56:48","guid":{"rendered":"https:\/\/eldiariodesanpedro.com.ar\/sitio\/?p=18190"},"modified":"2017-05-05T18:56:48","modified_gmt":"2017-05-05T21:56:48","slug":"techo-lanza-su-colecta-anual-este-fin-de-semana","status":"publish","type":"post","link":"https:\/\/eldiariodesanpedro.com.ar\/sitio\/techo-lanza-su-colecta-anual-este-fin-de-semana\/","title":{"rendered":"TECHO lanza su colecta anual este fin de semana"},"content":{"rendered":"<p><!-- VideographyWP Plugin Message: Automatic video embedding prevented by plugin options. --><br \/>\nLa organizaci\u00f3n TECHO invita a participar de su onceava Colecta Nacional que se llevar\u00e1 a cabo el \u200b 5, 6 y 7 de mayo y reunir\u00e1 a 9.000 voluntarios y voluntarias \u200b que se movilizar\u00e1n por las calles de \u200b Buenos Aires, C\u00f3rdoba, Neuqu\u00e9n, R\u00edo Negro, Santa Fe, Corrientes, Tucum\u00e1n, Chaco, Salta y Misiones. En Rosario, TECHO se encontrar\u00e1 en las ciudades de Rosario, San Pedro, San Nicol\u00e1s, Santa Fe y San Lorenzo.<\/p>\n<p>El d\u00eda domingo 7 de mayo a partir de las 16:30 hs. se estar\u00e1 realizando el cierre de la misma en el Parque Nacional a la Bandera, en el que tocar\u00e1n la Orquesta Informal de Rosario y Los Pe\u00f1aloza.<\/p>\n<p>La colecta de TECHO tiene como objetivo visibilizar la situaci\u00f3n en la que viven m\u00e1s de \u200b 3 millones de personas en los asentamientos 1 \u200b y recaudar fondos que permitan seguir trabajando en los \u200b programas de desarrollo comunitario tales como oficios, emprendedores, viviendas de emergencia, apoyo escolar y proyectos de soluciones definitivas para el acceso a los servicios b\u00e1sicos e infraestructura.<\/p>\n<p> \u201cLos asentamientos en Argentina llevan, en promedio, m\u00e1s de 50 a\u00f1os sin respuestas integrales. A\u00fan as\u00ed, los vecinos y las vecinas se organizan y se movilizan constantemente para reivindicar sus derechos. Levantan sus voces, sin embargo muchas veces no son escuchados\u201d, se\u00f1al\u00f3 Emilia Portis, Directora General de TECHO en Rosario.<\/p>\n<p>En Rosario, existen 174 asentamientos informales, donde el 98,2% no tiene acceso al agua potable, el 98,8% no posee cloacas y el 90,2% no se encuentra con una conexi\u00f3n formal a la energ\u00eda el\u00e9ctrica. \u201cBuscamos visibilizar la falta de oportunidades a la que se enfrentan<br \/>\nmillones de vecinos y vecinas todos los d\u00edas. Queremos ciudades para todos y todas, en donde los asentamientos est\u00e9n social y urbanamente integrados\u201d agreg\u00f3 Portis.<\/p>\n<p>Durante toda la semana, se podr\u00e1 donar desde la p\u00e1gina web \u200b techo.org.ar\/colecta\u200b , llamando al 0810-888-83246 y en las alcanc\u00edas de los voluntarios y voluntarias que ser\u00e1n identificados con las pecheras de la organizaci\u00f3n en las calles durante el fin de semana del 5, 6 y 7 de mayo.<\/p>\n<p>Tambi\u00e9n se podr\u00e1 colaborar mediante la donaci\u00f3n del vuelto en las cajas de los locales de Easy, Pago F\u00e1cil y Fr\u00e1vega de todo el pa\u00eds. La donaci\u00f3n de vueltos es de forma directa a TECHO y la suma de todos los redondeos de vuelto son un aporte significativo para la organizaci\u00f3n.<\/p>\n<p>\u201cRelevamiento de asentamientos informales 2016\u201d, TECHO. Disponible en www.techo.org.ar\/relevamientoTECHO es una organizaci\u00f3n de la sociedad civil que busca superar la pobreza en asentamientos informales de Latinoam\u00e9rica, a trav\u00e9s de la acci\u00f3n conjunta entre voluntarios y vecinos. <\/p>\n<p>TECHO cuenta con oficinas en Buenos Aires, C\u00f3rdoba, Santa Fe, Corrientes, Chaco, Tucum\u00e1n, Neuqu\u00e9n, R\u00edo Negro, Salta y Misiones. <\/p>\n<p>Con la implementaci\u00f3n de un modelo de trabajo enfocado en el desarrollo comunitario, la promoci\u00f3n de la conciencia y acci\u00f3n social y la incidencia en espacios de toma de decisi\u00f3n y de pol\u00edticas p\u00fablicas, TECHO busca construir una sociedad justa y sin pobreza.<\/p>\n","protected":false},"excerpt":{"rendered":"<p>La organizaci\u00f3n TECHO invita a participar de su onceava Colecta Nacional que se llevar\u00e1 a cabo el \u200b 5, 6 y 7 de mayo y reunir\u00e1 a 9.000 voluntarios y voluntarias \u200b que se movilizar\u00e1n por las calles de \u200b Buenos Aires, C\u00f3rdoba, Neuqu\u00e9n, R\u00edo Negro, Santa Fe, Corrientes, Tucum\u00e1n, Chaco, Salta y Misiones. En [&hellip;]<\/p>\n","protected":false},"author":4,"featured_media":18191,"comment_status":"open","ping_status":"closed","sticky":false,"template":"","format":"standard","meta":{"om_disable_all_campaigns":false,"_jetpack_memberships_contains_paid_content":false,"footnotes":""},"categories":[101,2],"tags":[],"class_list":["post-18190","post","type-post","status-publish","format-standard","has-post-thumbnail","hentry","category-interes-general-locales","category-locales"],"aioseo_notices":[],"gutentor_comment":0,"jetpack_featured_media_url":"https:\/\/eldiariodesanpedro.com.ar\/sitio\/wp-content\/uploads\/2017\/05\/Estuvieron-en-la-esquina-de-Mitre-y-3-de-febrero-solisitando-colaboracion.jpg","jetpack_shortlink":"https:\/\/wp.me\/p6RhLt-4Jo","jetpack_sharing_enabled":true,"_links":{"self":[{"href":"https:\/\/eldiariodesanpedro.com.ar\/sitio\/wp-json\/wp\/v2\/posts\/18190","targetHints":{"allow":["GET"]}}],"collection":[{"href":"https:\/\/eldiariodesanpedro.com.ar\/sitio\/wp-json\/wp\/v2\/posts"}],"about":[{"href":"https:\/\/eldiariodesanpedro.com.ar\/sitio\/wp-json\/wp\/v2\/types\/post"}],"author":[{"embeddable":true,"href":"https:\/\/eldiariodesanpedro.com.ar\/sitio\/wp-json\/wp\/v2\/users\/4"}],"replies":[{"embeddable":true,"href":"https:\/\/eldiariodesanpedro.com.ar\/sitio\/wp-json\/wp\/v2\/comments?post=18190"}],"version-history":[{"count":2,"href":"https:\/\/eldiariodesanpedro.com.ar\/sitio\/wp-json\/wp\/v2\/posts\/18190\/revisions"}],"predecessor-version":[{"id":18193,"href":"https:\/\/eldiariodesanpedro.com.ar\/sitio\/wp-json\/wp\/v2\/posts\/18190\/revisions\/18193"}],"wp:featuredmedia":[{"embeddable":true,"href":"https:\/\/eldiariodesanpedro.com.ar\/sitio\/wp-json\/wp\/v2\/media\/18191"}],"wp:attachment":[{"href":"https:\/\/eldiariodesanpedro.com.ar\/sitio\/wp-json\/wp\/v2\/media?parent=18190"}],"wp:term":[{"taxonomy":"category","embeddable":true,"href":"https:\/\/eldiariodesanpedro.com.ar\/sitio\/wp-json\/wp\/v2\/categories?post=18190"},{"taxonomy":"post_tag","embeddable":true,"href":"https:\/\/eldiariodesanpedro.com.ar\/sitio\/wp-json\/wp\/v2\/tags?post=18190"}],"curies":[{"name":"wp","href":"https:\/\/api.w.org\/{rel}","templated":true}]}}