{"id":18187,"date":"2017-05-05T18:50:34","date_gmt":"2017-05-05T21:50:34","guid":{"rendered":"https:\/\/eldiariodesanpedro.com.ar\/sitio\/?p=18187"},"modified":"2017-05-05T18:50:34","modified_gmt":"2017-05-05T21:50:34","slug":"por-unanimidad-se-aprobo-la-declaracion-de-emergencia-y-zona-de-desastre-para-las-ciudades-inundadas","status":"publish","type":"post","link":"https:\/\/eldiariodesanpedro.com.ar\/sitio\/por-unanimidad-se-aprobo-la-declaracion-de-emergencia-y-zona-de-desastre-para-las-ciudades-inundadas\/","title":{"rendered":"Por unanimidad se aprob\u00f3 la declaraci\u00f3n de emergencia y zona de desastre para las ciudades inundadas"},"content":{"rendered":"<p><!-- VideographyWP Plugin Message: Automatic video embedding prevented by plugin options. --><br \/>\nEl proyecto de Ley impulsado por la senadora Cecilia Comerio desde diciembre pasado, finalmente se aprob\u00f3 por unanimidad en la C\u00e1mara alta. La emergencia que alcanza las zonas de Arrecifes, Salto, Pergamino, San Pedro, Col\u00f3n, San Nicol\u00e1s y localidades aleda\u00f1as faculta al poder ejecutivo a efectuar un aumento en los beneficios sociales otorgados por el IPS y otros organismos estatales.<\/p>\n<p>Tambi\u00e9n prev\u00e9 asistencia financiera, exenciones impositivas totales o parciales, brinda la posibilidad de reasignar partidas presupuestarias para asistencia y reconstrucci\u00f3n de zonas y concluye con un mecanismo de adhesi\u00f3n para municipios. Comerio sostuvo al respecto: \u201cLuego de varios meses de lucha y trabajo territorial hoy logramos el acompa\u00f1amiento de todos los bloques. Esto da cuenta de la casi nula respuesta estatal que tuvo lugar hasta estos d\u00edas y de la necesidad real que sufren nuestros vecinos que ya no puede taparse m\u00e1s\u201d.<\/p>\n<p>Ante los miles de damnificados y cuantiosos da\u00f1os materiales surge el pedido de trabajar sobre lo sucedido y actuar en consecuencia. Desde el mes de diciembre a la fecha las ciudades mencionadas atravesaron por 4 inundaciones con niveles hist\u00f3ricos de crecida de agua y la respuesta oficial es insignificante. \u201cEsperamos que desde la C\u00e1mara de Diputados se trabaje con la misma seriedad y acompa\u00f1en esta ley que, de ser aprobada, el Poder Ejecutivo queda facultado a actuar en consecuencia en una problem\u00e1tica que viene acech\u00e1ndonos desde hace meses\u201d, concluy\u00f3 Comerio.<\/p>\n<p>En \u201cConectada\u201d, Daniel Spadone, secretario de Relaciones Institucionales del bloque de diputados provinciales del Frente Renovador, dialog\u00f3 con Ludmila Yagnentkovsky desde el recinto donde fue aprobada la declaraci\u00f3n de emergencia y zona de desastre para las ciudades inundadas.<\/p>\n","protected":false},"excerpt":{"rendered":"<p>El proyecto de Ley impulsado por la senadora Cecilia Comerio desde diciembre pasado, finalmente se aprob\u00f3 por unanimidad en la C\u00e1mara alta. La emergencia que alcanza las zonas de Arrecifes, Salto, Pergamino, San Pedro, Col\u00f3n, San Nicol\u00e1s y localidades aleda\u00f1as faculta al poder ejecutivo a efectuar un aumento en los beneficios sociales otorgados por el [&hellip;]<\/p>\n","protected":false},"author":4,"featured_media":18188,"comment_status":"open","ping_status":"closed","sticky":false,"template":"","format":"standard","meta":{"om_disable_all_campaigns":false,"_jetpack_memberships_contains_paid_content":false,"footnotes":""},"categories":[101,2],"tags":[],"class_list":["post-18187","post","type-post","status-publish","format-standard","has-post-thumbnail","hentry","category-interes-general-locales","category-locales"],"aioseo_notices":[],"gutentor_comment":0,"jetpack_featured_media_url":"https:\/\/eldiariodesanpedro.com.ar\/sitio\/wp-content\/uploads\/2017\/05\/inundacion.jpg","jetpack_shortlink":"https:\/\/wp.me\/p6RhLt-4Jl","jetpack_sharing_enabled":true,"_links":{"self":[{"href":"https:\/\/eldiariodesanpedro.com.ar\/sitio\/wp-json\/wp\/v2\/posts\/18187","targetHints":{"allow":["GET"]}}],"collection":[{"href":"https:\/\/eldiariodesanpedro.com.ar\/sitio\/wp-json\/wp\/v2\/posts"}],"about":[{"href":"https:\/\/eldiariodesanpedro.com.ar\/sitio\/wp-json\/wp\/v2\/types\/post"}],"author":[{"embeddable":true,"href":"https:\/\/eldiariodesanpedro.com.ar\/sitio\/wp-json\/wp\/v2\/users\/4"}],"replies":[{"embeddable":true,"href":"https:\/\/eldiariodesanpedro.com.ar\/sitio\/wp-json\/wp\/v2\/comments?post=18187"}],"version-history":[{"count":1,"href":"https:\/\/eldiariodesanpedro.com.ar\/sitio\/wp-json\/wp\/v2\/posts\/18187\/revisions"}],"predecessor-version":[{"id":18189,"href":"https:\/\/eldiariodesanpedro.com.ar\/sitio\/wp-json\/wp\/v2\/posts\/18187\/revisions\/18189"}],"wp:featuredmedia":[{"embeddable":true,"href":"https:\/\/eldiariodesanpedro.com.ar\/sitio\/wp-json\/wp\/v2\/media\/18188"}],"wp:attachment":[{"href":"https:\/\/eldiariodesanpedro.com.ar\/sitio\/wp-json\/wp\/v2\/media?parent=18187"}],"wp:term":[{"taxonomy":"category","embeddable":true,"href":"https:\/\/eldiariodesanpedro.com.ar\/sitio\/wp-json\/wp\/v2\/categories?post=18187"},{"taxonomy":"post_tag","embeddable":true,"href":"https:\/\/eldiariodesanpedro.com.ar\/sitio\/wp-json\/wp\/v2\/tags?post=18187"}],"curies":[{"name":"wp","href":"https:\/\/api.w.org\/{rel}","templated":true}]}}