{"id":18185,"date":"2017-05-05T18:43:24","date_gmt":"2017-05-05T21:43:24","guid":{"rendered":"https:\/\/eldiariodesanpedro.com.ar\/sitio\/?p=18185"},"modified":"2017-05-05T18:43:24","modified_gmt":"2017-05-05T21:43:24","slug":"un-motoclista-lesionado-al-impactar-con-su-rodado-un-auto","status":"publish","type":"post","link":"https:\/\/eldiariodesanpedro.com.ar\/sitio\/un-motoclista-lesionado-al-impactar-con-su-rodado-un-auto\/","title":{"rendered":"Un motoclista lesionado al impactar con su rodado un auto"},"content":{"rendered":"<p><!-- VideographyWP Plugin Message: Automatic video embedding prevented by plugin options. --><br \/>\nEl siniestro se produjo ayer en la esquina de 25 de Mayo y G\u00fcemes entre un autom\u00f3vil y una moto. El rodado menor impact\u00f3 en la puerta trasera del lado del acompa\u00f1ante al otro veh\u00edculo cuando cruzaba la calle.<\/p>\n<p>Como consecuencia de ellos el motociclista, que se desempe\u00f1a en una agencia de mensajer\u00eda de la ciudad, fue derivado por una ambulancia al nosocomio local. All\u00ed se pudo determinar que sufri\u00f3 heridas de consideraci\u00f3n leve.<\/p>\n","protected":false},"excerpt":{"rendered":"<p>El siniestro se produjo ayer en la esquina de 25 de Mayo y G\u00fcemes entre un autom\u00f3vil y una moto. El rodado menor impact\u00f3 en la puerta trasera del lado del acompa\u00f1ante al otro veh\u00edculo cuando cruzaba la calle. Como consecuencia de ellos el motociclista, que se desempe\u00f1a en una agencia de mensajer\u00eda de la [&hellip;]<\/p>\n","protected":false},"author":4,"featured_media":1370,"comment_status":"open","ping_status":"closed","sticky":false,"template":"","format":"standard","meta":{"om_disable_all_campaigns":false,"_jetpack_memberships_contains_paid_content":false,"footnotes":""},"categories":[2,103],"tags":[],"class_list":["post-18185","post","type-post","status-publish","format-standard","has-post-thumbnail","hentry","category-locales","category-policiales-locales"],"aioseo_notices":[],"gutentor_comment":0,"jetpack_featured_media_url":"https:\/\/eldiariodesanpedro.com.ar\/sitio\/wp-content\/uploads\/2015\/12\/ambulancia-107.jpg","jetpack_shortlink":"https:\/\/wp.me\/p6RhLt-4Jj","jetpack_sharing_enabled":true,"_links":{"self":[{"href":"https:\/\/eldiariodesanpedro.com.ar\/sitio\/wp-json\/wp\/v2\/posts\/18185","targetHints":{"allow":["GET"]}}],"collection":[{"href":"https:\/\/eldiariodesanpedro.com.ar\/sitio\/wp-json\/wp\/v2\/posts"}],"about":[{"href":"https:\/\/eldiariodesanpedro.com.ar\/sitio\/wp-json\/wp\/v2\/types\/post"}],"author":[{"embeddable":true,"href":"https:\/\/eldiariodesanpedro.com.ar\/sitio\/wp-json\/wp\/v2\/users\/4"}],"replies":[{"embeddable":true,"href":"https:\/\/eldiariodesanpedro.com.ar\/sitio\/wp-json\/wp\/v2\/comments?post=18185"}],"version-history":[{"count":1,"href":"https:\/\/eldiariodesanpedro.com.ar\/sitio\/wp-json\/wp\/v2\/posts\/18185\/revisions"}],"predecessor-version":[{"id":18186,"href":"https:\/\/eldiariodesanpedro.com.ar\/sitio\/wp-json\/wp\/v2\/posts\/18185\/revisions\/18186"}],"wp:featuredmedia":[{"embeddable":true,"href":"https:\/\/eldiariodesanpedro.com.ar\/sitio\/wp-json\/wp\/v2\/media\/1370"}],"wp:attachment":[{"href":"https:\/\/eldiariodesanpedro.com.ar\/sitio\/wp-json\/wp\/v2\/media?parent=18185"}],"wp:term":[{"taxonomy":"category","embeddable":true,"href":"https:\/\/eldiariodesanpedro.com.ar\/sitio\/wp-json\/wp\/v2\/categories?post=18185"},{"taxonomy":"post_tag","embeddable":true,"href":"https:\/\/eldiariodesanpedro.com.ar\/sitio\/wp-json\/wp\/v2\/tags?post=18185"}],"curies":[{"name":"wp","href":"https:\/\/api.w.org\/{rel}","templated":true}]}}