{"id":18173,"date":"2017-05-05T10:20:59","date_gmt":"2017-05-05T13:20:59","guid":{"rendered":"https:\/\/eldiariodesanpedro.com.ar\/sitio\/?p=18173"},"modified":"2017-05-05T10:26:13","modified_gmt":"2017-05-05T13:26:13","slug":"grave-accidente-en-la-ruta-191-donde-un-joven-resulto-con-heridas-leves","status":"publish","type":"post","link":"https:\/\/eldiariodesanpedro.com.ar\/sitio\/grave-accidente-en-la-ruta-191-donde-un-joven-resulto-con-heridas-leves\/","title":{"rendered":"Grave accidente en la ruta 191 donde un joven resulto con heridas leves"},"content":{"rendered":"<p><!-- VideographyWP Plugin Message: Automatic video embedding prevented by plugin options. --><br \/>\nEn el d\u00eda de ayer por la tarde noche alrededor de las 19:30 hs se produjo un accidente de transito en la Ruta 191 Kilometro 5,5 casi llegando a la curva denominada cuerva de la muerte.<\/p>\n<p>Un autom\u00f3vil Chevrolet Astra color champagne conducido por una hombre de alrededor de 40 a\u00f1os colisiono desde atr\u00e1s a una motocicleta Brava 110 cc conducido por un joven de 16 a\u00f1os que no llevaba ni casco ni chaleco refractario para circular sobre una ruta.<\/p>\n<p>Seg\u00fan el conductor del veh\u00edculo oriundo de la localidad de San Nicolas en dialogo con el Diario de San Pedro los dos rodados circulaban en la misma direcci\u00f3n pero no pudo divisar la moto por que aparentemente no tendr\u00eda luz y a la ves con la luz de los autom\u00f3viles que vienen de frente lo colisiono a una alta velocidad empuj\u00e1ndolo hacia el otro lado de la calzada.<\/p>\n<p>El joven fue trasladado a la guardia del hospital por el servicio 107 consciente y solo presentaba un corte en el cuero cabelludo y y politraumatismos.<\/p>\n<div data-carousel-extra='{&quot;blog_id&quot;:1,&quot;permalink&quot;:&quot;https:\/\/eldiariodesanpedro.com.ar\/sitio\/grave-accidente-en-la-ruta-191-donde-un-joven-resulto-con-heridas-leves\/&quot;}' id='gallery-1' class='gallery galleryid-18173 gallery-columns-3 gallery-size-thumbnail'><figure class='gallery-item'>\n\t\t\t<div class='gallery-icon landscape'>\n\t\t\t\t<a href='https:\/\/eldiariodesanpedro.com.ar\/sitio\/grave-accidente-en-la-ruta-191-donde-un-joven-resulto-con-heridas-leves\/dsc_0007-3\/'><img decoding=\"async\" width=\"150\" height=\"150\" data-src=\"https:\/\/eldiariodesanpedro.com.ar\/sitio\/wp-content\/uploads\/2017\/05\/DSC_0007-150x150.jpg\" class=\"attachment-thumbnail size-thumbnail lazyload\" alt=\"El Diario de San Pedro | Noticias locales y regionales\" data-attachment-id=\"18177\" data-permalink=\"https:\/\/eldiariodesanpedro.com.ar\/sitio\/grave-accidente-en-la-ruta-191-donde-un-joven-resulto-con-heridas-leves\/dsc_0007-3\/\" data-orig-file=\"https:\/\/eldiariodesanpedro.com.ar\/sitio\/wp-content\/uploads\/2017\/05\/DSC_0007-e1493990690185.jpg\" data-orig-size=\"1000,667\" data-comments-opened=\"1\" data-image-meta=\"{&quot;aperture&quot;:&quot;3.5&quot;,&quot;credit&quot;:&quot;&quot;,&quot;camera&quot;:&quot;NIKON D3300&quot;,&quot;caption&quot;:&quot;&quot;,&quot;created_timestamp&quot;:&quot;1493924094&quot;,&quot;copyright&quot;:&quot;&quot;,&quot;focal_length&quot;:&quot;18&quot;,&quot;iso&quot;:&quot;100&quot;,&quot;shutter_speed&quot;:&quot;0.016666666666667&quot;,&quot;title&quot;:&quot;&quot;,&quot;orientation&quot;:&quot;1&quot;}\" data-image-title=\"DSC_0007\" data-image-description=\"\" data-image-caption=\"\" data-large-file=\"https:\/\/eldiariodesanpedro.com.ar\/sitio\/wp-content\/uploads\/2017\/05\/DSC_0007-1024x683.jpg\" src=\"data:image\/svg+xml;base64,PHN2ZyB3aWR0aD0iMSIgaGVpZ2h0PSIxIiB4bWxucz0iaHR0cDovL3d3dy53My5vcmcvMjAwMC9zdmciPjwvc3ZnPg==\" style=\"--smush-placeholder-width: 150px; --smush-placeholder-aspect-ratio: 150\/150;\" \/><\/a>\n\t\t\t<\/div><\/figure><figure class='gallery-item'>\n\t\t\t<div class='gallery-icon landscape'>\n\t\t\t\t<a href='https:\/\/eldiariodesanpedro.com.ar\/sitio\/grave-accidente-en-la-ruta-191-donde-un-joven-resulto-con-heridas-leves\/dsc_0008-2\/'><img decoding=\"async\" width=\"150\" height=\"150\" data-src=\"https:\/\/eldiariodesanpedro.com.ar\/sitio\/wp-content\/uploads\/2017\/05\/DSC_0008-150x150.jpg\" class=\"attachment-thumbnail size-thumbnail lazyload\" alt=\"El Diario de San Pedro | Noticias locales y regionales\" data-attachment-id=\"18178\" data-permalink=\"https:\/\/eldiariodesanpedro.com.ar\/sitio\/grave-accidente-en-la-ruta-191-donde-un-joven-resulto-con-heridas-leves\/dsc_0008-2\/\" data-orig-file=\"https:\/\/eldiariodesanpedro.com.ar\/sitio\/wp-content\/uploads\/2017\/05\/DSC_0008-e1493990713222.jpg\" data-orig-size=\"1000,667\" data-comments-opened=\"1\" data-image-meta=\"{&quot;aperture&quot;:&quot;3.5&quot;,&quot;credit&quot;:&quot;&quot;,&quot;camera&quot;:&quot;NIKON D3300&quot;,&quot;caption&quot;:&quot;&quot;,&quot;created_timestamp&quot;:&quot;1493924164&quot;,&quot;copyright&quot;:&quot;&quot;,&quot;focal_length&quot;:&quot;18&quot;,&quot;iso&quot;:&quot;800&quot;,&quot;shutter_speed&quot;:&quot;1&quot;,&quot;title&quot;:&quot;&quot;,&quot;orientation&quot;:&quot;1&quot;}\" data-image-title=\"DSC_0008\" data-image-description=\"\" data-image-caption=\"\" data-large-file=\"https:\/\/eldiariodesanpedro.com.ar\/sitio\/wp-content\/uploads\/2017\/05\/DSC_0008-1024x683.jpg\" src=\"data:image\/svg+xml;base64,PHN2ZyB3aWR0aD0iMSIgaGVpZ2h0PSIxIiB4bWxucz0iaHR0cDovL3d3dy53My5vcmcvMjAwMC9zdmciPjwvc3ZnPg==\" style=\"--smush-placeholder-width: 150px; --smush-placeholder-aspect-ratio: 150\/150;\" \/><\/a>\n\t\t\t<\/div><\/figure><figure class='gallery-item'>\n\t\t\t<div class='gallery-icon landscape'>\n\t\t\t\t<a href='https:\/\/eldiariodesanpedro.com.ar\/sitio\/grave-accidente-en-la-ruta-191-donde-un-joven-resulto-con-heridas-leves\/dsc_0012-4\/'><img decoding=\"async\" width=\"150\" height=\"150\" data-src=\"https:\/\/eldiariodesanpedro.com.ar\/sitio\/wp-content\/uploads\/2017\/05\/DSC_0012-150x150.jpg\" class=\"attachment-thumbnail size-thumbnail lazyload\" alt=\"El Diario de San Pedro | Noticias locales y regionales\" data-attachment-id=\"18179\" data-permalink=\"https:\/\/eldiariodesanpedro.com.ar\/sitio\/grave-accidente-en-la-ruta-191-donde-un-joven-resulto-con-heridas-leves\/dsc_0012-4\/\" data-orig-file=\"https:\/\/eldiariodesanpedro.com.ar\/sitio\/wp-content\/uploads\/2017\/05\/DSC_0012-e1493990738271.jpg\" data-orig-size=\"1000,667\" data-comments-opened=\"1\" data-image-meta=\"{&quot;aperture&quot;:&quot;3.5&quot;,&quot;credit&quot;:&quot;&quot;,&quot;camera&quot;:&quot;NIKON D3300&quot;,&quot;caption&quot;:&quot;&quot;,&quot;created_timestamp&quot;:&quot;1493924191&quot;,&quot;copyright&quot;:&quot;&quot;,&quot;focal_length&quot;:&quot;18&quot;,&quot;iso&quot;:&quot;800&quot;,&quot;shutter_speed&quot;:&quot;1&quot;,&quot;title&quot;:&quot;&quot;,&quot;orientation&quot;:&quot;1&quot;}\" data-image-title=\"DSC_0012\" data-image-description=\"\" data-image-caption=\"\" data-large-file=\"https:\/\/eldiariodesanpedro.com.ar\/sitio\/wp-content\/uploads\/2017\/05\/DSC_0012-1024x683.jpg\" src=\"data:image\/svg+xml;base64,PHN2ZyB3aWR0aD0iMSIgaGVpZ2h0PSIxIiB4bWxucz0iaHR0cDovL3d3dy53My5vcmcvMjAwMC9zdmciPjwvc3ZnPg==\" style=\"--smush-placeholder-width: 150px; --smush-placeholder-aspect-ratio: 150\/150;\" \/><\/a>\n\t\t\t<\/div><\/figure>\n\t\t<\/div>\n\n","protected":false},"excerpt":{"rendered":"<p>En el d\u00eda de ayer por la tarde noche alrededor de las 19:30 hs se produjo un accidente de transito en la Ruta 191 Kilometro 5,5 casi llegando a la curva denominada cuerva de la muerte. Un autom\u00f3vil Chevrolet Astra color champagne conducido por una hombre de alrededor de 40 a\u00f1os colisiono desde atr\u00e1s a [&hellip;]<\/p>\n","protected":false},"author":4,"featured_media":18174,"comment_status":"open","ping_status":"closed","sticky":false,"template":"","format":"standard","meta":{"om_disable_all_campaigns":false,"_jetpack_memberships_contains_paid_content":false,"footnotes":""},"categories":[50,2,103],"tags":[],"class_list":["post-18173","post","type-post","status-publish","format-standard","has-post-thumbnail","hentry","category-destacadas","category-locales","category-policiales-locales"],"aioseo_notices":[],"gutentor_comment":0,"jetpack_featured_media_url":"https:\/\/eldiariodesanpedro.com.ar\/sitio\/wp-content\/uploads\/2017\/05\/DSC_0013-e1493990428392.jpg","jetpack_shortlink":"https:\/\/wp.me\/p6RhLt-4J7","jetpack_sharing_enabled":true,"_links":{"self":[{"href":"https:\/\/eldiariodesanpedro.com.ar\/sitio\/wp-json\/wp\/v2\/posts\/18173","targetHints":{"allow":["GET"]}}],"collection":[{"href":"https:\/\/eldiariodesanpedro.com.ar\/sitio\/wp-json\/wp\/v2\/posts"}],"about":[{"href":"https:\/\/eldiariodesanpedro.com.ar\/sitio\/wp-json\/wp\/v2\/types\/post"}],"author":[{"embeddable":true,"href":"https:\/\/eldiariodesanpedro.com.ar\/sitio\/wp-json\/wp\/v2\/users\/4"}],"replies":[{"embeddable":true,"href":"https:\/\/eldiariodesanpedro.com.ar\/sitio\/wp-json\/wp\/v2\/comments?post=18173"}],"version-history":[{"count":3,"href":"https:\/\/eldiariodesanpedro.com.ar\/sitio\/wp-json\/wp\/v2\/posts\/18173\/revisions"}],"predecessor-version":[{"id":18180,"href":"https:\/\/eldiariodesanpedro.com.ar\/sitio\/wp-json\/wp\/v2\/posts\/18173\/revisions\/18180"}],"wp:featuredmedia":[{"embeddable":true,"href":"https:\/\/eldiariodesanpedro.com.ar\/sitio\/wp-json\/wp\/v2\/media\/18174"}],"wp:attachment":[{"href":"https:\/\/eldiariodesanpedro.com.ar\/sitio\/wp-json\/wp\/v2\/media?parent=18173"}],"wp:term":[{"taxonomy":"category","embeddable":true,"href":"https:\/\/eldiariodesanpedro.com.ar\/sitio\/wp-json\/wp\/v2\/categories?post=18173"},{"taxonomy":"post_tag","embeddable":true,"href":"https:\/\/eldiariodesanpedro.com.ar\/sitio\/wp-json\/wp\/v2\/tags?post=18173"}],"curies":[{"name":"wp","href":"https:\/\/api.w.org\/{rel}","templated":true}]}}