{"id":18169,"date":"2017-05-05T10:01:25","date_gmt":"2017-05-05T13:01:25","guid":{"rendered":"https:\/\/eldiariodesanpedro.com.ar\/sitio\/?p=18169"},"modified":"2017-05-05T10:01:25","modified_gmt":"2017-05-05T13:01:25","slug":"dia-de-la-enfermedad-celiaca","status":"publish","type":"post","link":"https:\/\/eldiariodesanpedro.com.ar\/sitio\/dia-de-la-enfermedad-celiaca\/","title":{"rendered":"D\u00eda de la enfermedad cel\u00edaca"},"content":{"rendered":"<p><!-- VideographyWP Plugin Message: Automatic video embedding prevented by plugin options. --><br \/>\nEste 5 de mayo, d\u00eda de la enfermedad cel\u00edaca aprovechamos para invitar a la poblaci\u00f3n a la novena jornada de celiaqu\u00eda que tendr\u00e1 lugar el 19 de mayo en el Centro de Comercio.<\/p>\n<p>CRONOGRAMA COMPLETO:<\/p>\n<p>13.30 &#8211; Apertura con inscripci\u00f3n y entrega de n\u00fameros para el sorteo.<br \/>\n14.00 &#8211; Taller de cocina naturista libre de gluten a cargo de la licenciada en nutrici\u00f3n Georgina Kuttel.<br \/>\n16.00 &#8211; Espacio ACELA: \u00abA m\u00ed me pasa lo mismo que a usted\u00bb.<br \/>\n16.30 &#8211; Merienda Libre de gluten (libre y gratuito)<br \/>\n17.30 &#8211; Charla abierta a la comunidad: Aspectos m\u00e9dicos de la enfermedad cel\u00edaca y sensibilidad al gluten. Actualizaci\u00f3n a cargo del Dr. Guillermo Brambilla, m\u00e9dico y gastroenter\u00f3logo pediatra, sanitarista, Director de Salud P\u00fablica en San Fernando.<\/p>\n<p> ACTIVIDADES PARALELAS<\/p>\n<p>16.00 a 18.00 &#8211; Determinaci\u00f3n de anticuerpos a cargo del Servicio de Laboratorio del Hospital Emilio Ruffa.<br \/>\n17.00 a 19.30 &#8211; Taller para ni\u00f1os de m\u00e1scaras a cargo de la Profesora Guillermina Berola. Stand con productos a la vista y degustaci\u00f3n. Stand con revistas y folleter\u00eda de informaci\u00f3n \u00fatil para la persona con celiaqu\u00eda. Stand con productos no alimenticios que deben tener en cuenta sin TAAC. Organiza la Secretar\u00eda de Salud y el Hospital Dr. Emilio Ruffa.<\/p>\n","protected":false},"excerpt":{"rendered":"<p>Este 5 de mayo, d\u00eda de la enfermedad cel\u00edaca aprovechamos para invitar a la poblaci\u00f3n a la novena jornada de celiaqu\u00eda que tendr\u00e1 lugar el 19 de mayo en el Centro de Comercio. CRONOGRAMA COMPLETO: 13.30 &#8211; Apertura con inscripci\u00f3n y entrega de n\u00fameros para el sorteo. 14.00 &#8211; Taller de cocina naturista libre de [&hellip;]<\/p>\n","protected":false},"author":4,"featured_media":18170,"comment_status":"open","ping_status":"closed","sticky":false,"template":"","format":"standard","meta":{"om_disable_all_campaigns":false,"_jetpack_memberships_contains_paid_content":false,"footnotes":""},"categories":[101,2],"tags":[],"class_list":["post-18169","post","type-post","status-publish","format-standard","has-post-thumbnail","hentry","category-interes-general-locales","category-locales"],"aioseo_notices":[],"gutentor_comment":0,"jetpack_featured_media_url":"https:\/\/eldiariodesanpedro.com.ar\/sitio\/wp-content\/uploads\/2017\/05\/enfermedad-celiaca_0.png","jetpack_shortlink":"https:\/\/wp.me\/p6RhLt-4J3","jetpack_sharing_enabled":true,"_links":{"self":[{"href":"https:\/\/eldiariodesanpedro.com.ar\/sitio\/wp-json\/wp\/v2\/posts\/18169","targetHints":{"allow":["GET"]}}],"collection":[{"href":"https:\/\/eldiariodesanpedro.com.ar\/sitio\/wp-json\/wp\/v2\/posts"}],"about":[{"href":"https:\/\/eldiariodesanpedro.com.ar\/sitio\/wp-json\/wp\/v2\/types\/post"}],"author":[{"embeddable":true,"href":"https:\/\/eldiariodesanpedro.com.ar\/sitio\/wp-json\/wp\/v2\/users\/4"}],"replies":[{"embeddable":true,"href":"https:\/\/eldiariodesanpedro.com.ar\/sitio\/wp-json\/wp\/v2\/comments?post=18169"}],"version-history":[{"count":1,"href":"https:\/\/eldiariodesanpedro.com.ar\/sitio\/wp-json\/wp\/v2\/posts\/18169\/revisions"}],"predecessor-version":[{"id":18171,"href":"https:\/\/eldiariodesanpedro.com.ar\/sitio\/wp-json\/wp\/v2\/posts\/18169\/revisions\/18171"}],"wp:featuredmedia":[{"embeddable":true,"href":"https:\/\/eldiariodesanpedro.com.ar\/sitio\/wp-json\/wp\/v2\/media\/18170"}],"wp:attachment":[{"href":"https:\/\/eldiariodesanpedro.com.ar\/sitio\/wp-json\/wp\/v2\/media?parent=18169"}],"wp:term":[{"taxonomy":"category","embeddable":true,"href":"https:\/\/eldiariodesanpedro.com.ar\/sitio\/wp-json\/wp\/v2\/categories?post=18169"},{"taxonomy":"post_tag","embeddable":true,"href":"https:\/\/eldiariodesanpedro.com.ar\/sitio\/wp-json\/wp\/v2\/tags?post=18169"}],"curies":[{"name":"wp","href":"https:\/\/api.w.org\/{rel}","templated":true}]}}