{"id":18154,"date":"2017-05-04T19:41:05","date_gmt":"2017-05-04T22:41:05","guid":{"rendered":"https:\/\/eldiariodesanpedro.com.ar\/sitio\/?p=18154"},"modified":"2026-01-24T00:26:22","modified_gmt":"2026-01-24T03:26:22","slug":"bochas-se-lleva-a-cabo-el-torneo-selectivo-de-parejas-en-san-pedro","status":"publish","type":"post","link":"https:\/\/eldiariodesanpedro.com.ar\/sitio\/bochas-se-lleva-a-cabo-el-torneo-selectivo-de-parejas-en-san-pedro\/","title":{"rendered":"BOCHAS: Se lleva a cabo el Torneo Selectivo de Parejas en San Pedro"},"content":{"rendered":"<p><!-- VideographyWP Plugin Message: Automatic video embedding prevented by plugin options. --><br \/>\nSe llev\u00f3 a cabo el \u201cSelectivo de parejas\u201d hasta la 6ta Fecha (prosigue el d\u00eda 7 de mayo con las 5 fechas restantes), de donde saldr\u00e1n quienes representar\u00e1n a nuestra ciudad en el \u00abCampeonato Provincial de Parejas de 1ra caballeros\u201d, en su 49\u00b0 edici\u00f3n. <\/p>\n<p>  Dicho Campeonato se llevar\u00e1 a cabo en San Pedro los d\u00edas 10 y 11 de junio 2017 y cuyo ganador representar\u00e1 a la Provincia de Buenos Aires en el pr\u00f3ximo Campeonato Argentino.<\/p>\n<p>  El Provincial a llevarse a cabo en nuestra ciudad con organizaci\u00f3n de la Asociaci\u00f3n de Bochas de San Pedro, tendr\u00e1 como participantes a los siguientes equipos:<\/p>\n<p>Clasificados zona 1 en Z\u00e1rate: Z\u00e1rate y San Nicol\u00e1s<br \/>\nClasificados zona 2 en La Plata: Almirante Brown y Mor\u00f3n<br \/>\nClasificados zona 3 en Chivilcoy: Chacabuco y Chivilcoy<br \/>\nClasificados zona 4 en Azul: Azul y General Alvear<br \/>\nClasificados zona 5 en Mar del Plata: Tandil y Mar Del Plata<br \/>\nClasificados zona 6 en P\u00faan: Coronel Su\u00e1rez y P\u00faan<br \/>\nClasificados zona 7 en Carmen de Patagones: Carmen de Patagones y Bah\u00eda Blanca<\/p>\n<p>Campeones a\u00f1o 2016: Berisso y Ensenada<br \/>\nOrganizador del Provincial: San Pedro<\/p>\n<p><a href=\"https:\/\/eldiariodesanpedro.com.ar\/sitio\/wp-content\/uploads\/2017\/05\/Clasificaci\u00f3n-de-San-Pedro.jpg\"><img decoding=\"async\" data-attachment-id=\"18156\" data-permalink=\"https:\/\/eldiariodesanpedro.com.ar\/sitio\/bochas-se-lleva-a-cabo-el-torneo-selectivo-de-parejas-en-san-pedro\/clasificacion-de-san-pedro\/\" data-orig-file=\"https:\/\/eldiariodesanpedro.com.ar\/sitio\/wp-content\/uploads\/2017\/05\/Clasificaci\u00f3n-de-San-Pedro.jpg\" data-orig-size=\"665,319\" data-comments-opened=\"1\" data-image-meta=\"{&quot;aperture&quot;:&quot;0&quot;,&quot;credit&quot;:&quot;&quot;,&quot;camera&quot;:&quot;&quot;,&quot;caption&quot;:&quot;&quot;,&quot;created_timestamp&quot;:&quot;0&quot;,&quot;copyright&quot;:&quot;&quot;,&quot;focal_length&quot;:&quot;0&quot;,&quot;iso&quot;:&quot;0&quot;,&quot;shutter_speed&quot;:&quot;0&quot;,&quot;title&quot;:&quot;&quot;,&quot;orientation&quot;:&quot;0&quot;}\" data-image-title=\"Clasificaci\u00f3n de San Pedro\" data-image-description=\"\" data-image-caption=\"\" data-large-file=\"https:\/\/eldiariodesanpedro.com.ar\/sitio\/wp-content\/uploads\/2017\/05\/Clasificaci\u00f3n-de-San-Pedro.jpg\" data-src=\"https:\/\/eldiariodesanpedro.com.ar\/sitio\/wp-content\/uploads\/2017\/05\/Clasificaci\u00f3n-de-San-Pedro-300x144.jpg\" alt=\"\" width=\"300\" height=\"144\" class=\"alignnone size-medium wp-image-18156 lazyload\" data-srcset=\"https:\/\/eldiariodesanpedro.com.ar\/sitio\/wp-content\/uploads\/2017\/05\/Clasificaci\u00f3n-de-San-Pedro-300x144.jpg 300w, https:\/\/eldiariodesanpedro.com.ar\/sitio\/wp-content\/uploads\/2017\/05\/Clasificaci\u00f3n-de-San-Pedro.jpg 665w\" data-sizes=\"(max-width: 300px) 100vw, 300px\" src=\"data:image\/svg+xml;base64,PHN2ZyB3aWR0aD0iMSIgaGVpZ2h0PSIxIiB4bWxucz0iaHR0cDovL3d3dy53My5vcmcvMjAwMC9zdmciPjwvc3ZnPg==\" style=\"--smush-placeholder-width: 300px; --smush-placeholder-aspect-ratio: 300\/144;\" \/><\/a><\/p>\n","protected":false},"excerpt":{"rendered":"<p>Se llev\u00f3 a cabo el \u201cSelectivo de parejas\u201d hasta la 6ta Fecha (prosigue el d\u00eda 7 de mayo con las 5 fechas restantes), de donde saldr\u00e1n quienes representar\u00e1n a nuestra ciudad en el \u00abCampeonato Provincial de Parejas de 1ra caballeros\u201d, en su 49\u00b0 edici\u00f3n. Dicho Campeonato se llevar\u00e1 a cabo en San Pedro los d\u00edas [&hellip;]<\/p>\n","protected":false},"author":4,"featured_media":18155,"comment_status":"open","ping_status":"closed","sticky":false,"template":"","format":"standard","meta":{"om_disable_all_campaigns":false,"_jetpack_memberships_contains_paid_content":false,"footnotes":""},"categories":[5],"tags":[],"class_list":["post-18154","post","type-post","status-publish","format-standard","has-post-thumbnail","hentry","category-deportes"],"aioseo_notices":[],"gutentor_comment":0,"jetpack_featured_media_url":"https:\/\/eldiariodesanpedro.com.ar\/sitio\/wp-content\/uploads\/2017\/05\/Logo-del-Certamen-Provincial.jpg","jetpack_shortlink":"https:\/\/wp.me\/p6RhLt-4IO","jetpack_sharing_enabled":true,"_links":{"self":[{"href":"https:\/\/eldiariodesanpedro.com.ar\/sitio\/wp-json\/wp\/v2\/posts\/18154","targetHints":{"allow":["GET"]}}],"collection":[{"href":"https:\/\/eldiariodesanpedro.com.ar\/sitio\/wp-json\/wp\/v2\/posts"}],"about":[{"href":"https:\/\/eldiariodesanpedro.com.ar\/sitio\/wp-json\/wp\/v2\/types\/post"}],"author":[{"embeddable":true,"href":"https:\/\/eldiariodesanpedro.com.ar\/sitio\/wp-json\/wp\/v2\/users\/4"}],"replies":[{"embeddable":true,"href":"https:\/\/eldiariodesanpedro.com.ar\/sitio\/wp-json\/wp\/v2\/comments?post=18154"}],"version-history":[{"count":1,"href":"https:\/\/eldiariodesanpedro.com.ar\/sitio\/wp-json\/wp\/v2\/posts\/18154\/revisions"}],"predecessor-version":[{"id":18157,"href":"https:\/\/eldiariodesanpedro.com.ar\/sitio\/wp-json\/wp\/v2\/posts\/18154\/revisions\/18157"}],"wp:featuredmedia":[{"embeddable":true,"href":"https:\/\/eldiariodesanpedro.com.ar\/sitio\/wp-json\/wp\/v2\/media\/18155"}],"wp:attachment":[{"href":"https:\/\/eldiariodesanpedro.com.ar\/sitio\/wp-json\/wp\/v2\/media?parent=18154"}],"wp:term":[{"taxonomy":"category","embeddable":true,"href":"https:\/\/eldiariodesanpedro.com.ar\/sitio\/wp-json\/wp\/v2\/categories?post=18154"},{"taxonomy":"post_tag","embeddable":true,"href":"https:\/\/eldiariodesanpedro.com.ar\/sitio\/wp-json\/wp\/v2\/tags?post=18154"}],"curies":[{"name":"wp","href":"https:\/\/api.w.org\/{rel}","templated":true}]}}