{"id":18151,"date":"2017-05-04T19:02:35","date_gmt":"2017-05-04T22:02:35","guid":{"rendered":"https:\/\/eldiariodesanpedro.com.ar\/sitio\/?p=18151"},"modified":"2017-05-04T19:02:35","modified_gmt":"2017-05-04T22:02:35","slug":"baradero-municipales-rechazan-el-19-de-aumento-ofrecido-por-el-ejecutivo","status":"publish","type":"post","link":"https:\/\/eldiariodesanpedro.com.ar\/sitio\/baradero-municipales-rechazan-el-19-de-aumento-ofrecido-por-el-ejecutivo\/","title":{"rendered":"BARADERO, Municipales: Rechazan el 19% de aumento ofrecido por el Ejecutivo"},"content":{"rendered":"<p><!-- VideographyWP Plugin Message: Automatic video embedding prevented by plugin options. --><br \/>\nATE solicit\u00f3 un 35% y el SOEMB un 42%. Los gremios est\u00e1n en estado de asamblea permanente. Por momentos interrumpen la jornada laboral en los lugares de trabajo. El incremento salarial debe aplicarse desde el 1\u00b0 de abril.<\/p>\n<p>  Las paritarias municipales est\u00e1n en plena discusi\u00f3n y por el momento no hay acuerdo. Los porcentajes a\u00fan est\u00e1n lejanos. Desde ATE evaluaron que el porcentaje de incremento salarial tiene que ser del 35% para recuperar lo perdido el a\u00f1o pasado m\u00e1s la inflaci\u00f3n proyectada para el 2017. Desde el Sindicato de Obreros y Empleados Municipales de Baradero (SOEMB) el porcentaje solicitado es mayor: 42%.<\/p>\n<p>  La primera respuesta del Ejecutivo fue un 18% en tres \u201ccuotas\u201d. Luego ofert\u00f3 un 19% de piso, en dos tramos, con una cl\u00e1usula gatillo para ajustar los salarios por inflaci\u00f3n. Fue rechazado.<\/p>\n<p>  \u201cMe encantar\u00eda poder aumentar el salario de los trabajadores municipales un 42% pero eso significar\u00eda llegar a fin de a\u00f1o sin poder pagarlos; el 19% que les ofrecimos es un piso de aumento y los gremios nos respondieron que no est\u00e1n conformes; lo que aclaro es que el 19% es el porcentaje de base fundado en la econom\u00eda municipal y si la inflaci\u00f3n se dispara se har\u00e1n las adecuaciones necesarias\u201d, manifest\u00f3 la intendenta Fernanda Antonijevic.<\/p>\n<p>  La Jefa Comunal destac\u00f3 que el porcentaje ofrecido \u201cva acompa\u00f1ado de muchas mejoras que tienen que ver con el convenio colectivo, que est\u00e1 en proceso desde hace mucho tiempo, y tambi\u00e9n implica erogaciones municipales porque fijamos un reconocimiento de antig\u00fcedad, que no ten\u00edan, adem\u00e1s bonificaciones por t\u00edtulos, oficios y profesiones. Y esto tambi\u00e9n lo contemplamos dentro de la masa salarial que uno tiene que cumplir. Por eso seguimos trabajando para lograr un acuerdo\u201d.<\/p>\n<p>  Antonijevic pidi\u00f3 a los gremios que les aclaren a los afiliados que el 19% es un piso para luego seguir negociando si se incrementa la inflaci\u00f3n.<\/p>\n<p>  La premura por definir la suba de salario est\u00e1 centrada en que se aplica a partir del 1\u00b0 de abril; es decir, los trabajadores lo cobrar\u00e1n en mayo.<\/p>\n<p>  El Ejecutivo pretendi\u00f3 que el primer tramo sea de un 12% en abril y el resto desde agosto.<\/p>\n<p>  \u201cLa mejora salarial no ser\u00e1 s\u00f3lo el porcentaje que estamos debatiendo sino todas las conquistas que vamos a tener si nos ponemos de acuerdo\u201d, dijo la Intendente. (Semanario La Autentica Opini\u00f3n)<\/p>\n","protected":false},"excerpt":{"rendered":"<p>ATE solicit\u00f3 un 35% y el SOEMB un 42%. Los gremios est\u00e1n en estado de asamblea permanente. Por momentos interrumpen la jornada laboral en los lugares de trabajo. El incremento salarial debe aplicarse desde el 1\u00b0 de abril. Las paritarias municipales est\u00e1n en plena discusi\u00f3n y por el momento no hay acuerdo. Los porcentajes a\u00fan [&hellip;]<\/p>\n","protected":false},"author":4,"featured_media":18152,"comment_status":"open","ping_status":"closed","sticky":false,"template":"","format":"standard","meta":{"om_disable_all_campaigns":false,"_jetpack_memberships_contains_paid_content":false,"footnotes":""},"categories":[621],"tags":[],"class_list":["post-18151","post","type-post","status-publish","format-standard","has-post-thumbnail","hentry","category-regionales"],"aioseo_notices":[],"gutentor_comment":0,"jetpack_featured_media_url":"https:\/\/eldiariodesanpedro.com.ar\/sitio\/wp-content\/uploads\/2017\/05\/Rechazan-el-19-de-aumento-ofrecido-por-el-Ejecutivo.jpg","jetpack_shortlink":"https:\/\/wp.me\/p6RhLt-4IL","jetpack_sharing_enabled":true,"_links":{"self":[{"href":"https:\/\/eldiariodesanpedro.com.ar\/sitio\/wp-json\/wp\/v2\/posts\/18151","targetHints":{"allow":["GET"]}}],"collection":[{"href":"https:\/\/eldiariodesanpedro.com.ar\/sitio\/wp-json\/wp\/v2\/posts"}],"about":[{"href":"https:\/\/eldiariodesanpedro.com.ar\/sitio\/wp-json\/wp\/v2\/types\/post"}],"author":[{"embeddable":true,"href":"https:\/\/eldiariodesanpedro.com.ar\/sitio\/wp-json\/wp\/v2\/users\/4"}],"replies":[{"embeddable":true,"href":"https:\/\/eldiariodesanpedro.com.ar\/sitio\/wp-json\/wp\/v2\/comments?post=18151"}],"version-history":[{"count":1,"href":"https:\/\/eldiariodesanpedro.com.ar\/sitio\/wp-json\/wp\/v2\/posts\/18151\/revisions"}],"predecessor-version":[{"id":18153,"href":"https:\/\/eldiariodesanpedro.com.ar\/sitio\/wp-json\/wp\/v2\/posts\/18151\/revisions\/18153"}],"wp:featuredmedia":[{"embeddable":true,"href":"https:\/\/eldiariodesanpedro.com.ar\/sitio\/wp-json\/wp\/v2\/media\/18152"}],"wp:attachment":[{"href":"https:\/\/eldiariodesanpedro.com.ar\/sitio\/wp-json\/wp\/v2\/media?parent=18151"}],"wp:term":[{"taxonomy":"category","embeddable":true,"href":"https:\/\/eldiariodesanpedro.com.ar\/sitio\/wp-json\/wp\/v2\/categories?post=18151"},{"taxonomy":"post_tag","embeddable":true,"href":"https:\/\/eldiariodesanpedro.com.ar\/sitio\/wp-json\/wp\/v2\/tags?post=18151"}],"curies":[{"name":"wp","href":"https:\/\/api.w.org\/{rel}","templated":true}]}}