{"id":18148,"date":"2017-05-04T18:54:27","date_gmt":"2017-05-04T21:54:27","guid":{"rendered":"https:\/\/eldiariodesanpedro.com.ar\/sitio\/?p=18148"},"modified":"2017-05-04T18:54:27","modified_gmt":"2017-05-04T21:54:27","slug":"san-nicolas-levantaran-el-terraplen-de-la-emilia-a-casi-7-metros-sobre-la-costa-del-arroyo-del-medio","status":"publish","type":"post","link":"https:\/\/eldiariodesanpedro.com.ar\/sitio\/san-nicolas-levantaran-el-terraplen-de-la-emilia-a-casi-7-metros-sobre-la-costa-del-arroyo-del-medio\/","title":{"rendered":"SAN NICOL\u00c1S: Levantar\u00e1n el terrapl\u00e9n de La Emilia a casi 7 metros sobre la costa del Arroyo del Medio"},"content":{"rendered":"<p><!-- VideographyWP Plugin Message: Automatic video embedding prevented by plugin options. --><br \/>\nDesde hace un mes, Carlos Bellagamba fue nombrado al frente de la Delegaci\u00f3n Municipal de La Emilia, cargo anteriormente cubierto por Mario D\u00edaz. En ese sentido se refiri\u00f3 a los trabajos proyectados para la protecci\u00f3n hidr\u00e1ulica de la localidad. Y tambi\u00e9n al estado de las calles en Villa Campi, Villa Canto y Villa Riccio.<\/p>\n<p>  Desde el 27 de marzo pasado, La Emilia tiene un nuevo Delegado Municipal, Carlos Bellagamba, un emiliano de nacimiento y empleado municipal desde hace unos 30 a\u00f1os. <\/p>\n<p>  Su llegada al cargo era en condici\u00f3n de interino durante el per\u00edodo de licencia que fue solicitado el anterior delegado, Mario D\u00edaz, pero cumplidas las dos semanas el gobierno local nombr\u00f3 definitivamente a Bellagamba. <\/p>\n<p>  \u201cMario (D\u00edaz) pidi\u00f3 una licencia para salir de vacaciones y me ofrecieron estar a cargo de la Delegaci\u00f3n de manera interina durante esos quince d\u00edas. Pero pasados ese tiempo Mario no volvi\u00f3 y me ofrecieron el cargo de manera permanente\u201d, cont\u00f3 Bellagamba, en di\u00e1logo con EL NORTE.<\/p>\n<p>  Es vecino de La Emilia desde su nacimiento (hace 51 a\u00f1os) y es empleado municipal en esa Delegaci\u00f3n desde hace 30 a\u00f1os, donde \u00faltimamente ven\u00eda  estando a cargo del manejo de las m\u00e1quinas.<\/p>\n<p>  Naturalmente la agenda de su gesti\u00f3n m\u00e1s inmediata tiene que ver con la protecci\u00f3n h\u00eddrica de la localidad, hist\u00f3ricamente amenazada por las crecidas y los desbordes del Arroyo del Medio, cuyo \u00faltimo episodio de inundaciones (el m\u00e1s grave de su historia seg\u00fan los entendidos) se dio hacia el 16 de enero pasado. <\/p>\n<p>  Despu\u00e9s de aquel suceso lo primero fue la reconstrucci\u00f3n del terrapl\u00e9n en los tres puntos donde su l\u00ednea hab\u00eda sido vulnerada e interrumpida. <\/p>\n<p>  Bellagamba indic\u00f3 que esos trabajos ya fueron completados, y que lo que sigue ahora tiene que ver con nuevas disposiciones que hagan m\u00e1s eficiente la protecci\u00f3n. (Diario El Norte)<\/p>\n","protected":false},"excerpt":{"rendered":"<p>Desde hace un mes, Carlos Bellagamba fue nombrado al frente de la Delegaci\u00f3n Municipal de La Emilia, cargo anteriormente cubierto por Mario D\u00edaz. En ese sentido se refiri\u00f3 a los trabajos proyectados para la protecci\u00f3n hidr\u00e1ulica de la localidad. Y tambi\u00e9n al estado de las calles en Villa Campi, Villa Canto y Villa Riccio. Desde [&hellip;]<\/p>\n","protected":false},"author":4,"featured_media":18149,"comment_status":"open","ping_status":"closed","sticky":false,"template":"","format":"standard","meta":{"om_disable_all_campaigns":false,"_jetpack_memberships_contains_paid_content":false,"footnotes":""},"categories":[621],"tags":[],"class_list":["post-18148","post","type-post","status-publish","format-standard","has-post-thumbnail","hentry","category-regionales"],"aioseo_notices":[],"gutentor_comment":0,"jetpack_featured_media_url":"https:\/\/eldiariodesanpedro.com.ar\/sitio\/wp-content\/uploads\/2017\/05\/terrapl\u00e9n-de-La-Emilia.jpg","jetpack_shortlink":"https:\/\/wp.me\/p6RhLt-4II","jetpack_sharing_enabled":true,"_links":{"self":[{"href":"https:\/\/eldiariodesanpedro.com.ar\/sitio\/wp-json\/wp\/v2\/posts\/18148","targetHints":{"allow":["GET"]}}],"collection":[{"href":"https:\/\/eldiariodesanpedro.com.ar\/sitio\/wp-json\/wp\/v2\/posts"}],"about":[{"href":"https:\/\/eldiariodesanpedro.com.ar\/sitio\/wp-json\/wp\/v2\/types\/post"}],"author":[{"embeddable":true,"href":"https:\/\/eldiariodesanpedro.com.ar\/sitio\/wp-json\/wp\/v2\/users\/4"}],"replies":[{"embeddable":true,"href":"https:\/\/eldiariodesanpedro.com.ar\/sitio\/wp-json\/wp\/v2\/comments?post=18148"}],"version-history":[{"count":1,"href":"https:\/\/eldiariodesanpedro.com.ar\/sitio\/wp-json\/wp\/v2\/posts\/18148\/revisions"}],"predecessor-version":[{"id":18150,"href":"https:\/\/eldiariodesanpedro.com.ar\/sitio\/wp-json\/wp\/v2\/posts\/18148\/revisions\/18150"}],"wp:featuredmedia":[{"embeddable":true,"href":"https:\/\/eldiariodesanpedro.com.ar\/sitio\/wp-json\/wp\/v2\/media\/18149"}],"wp:attachment":[{"href":"https:\/\/eldiariodesanpedro.com.ar\/sitio\/wp-json\/wp\/v2\/media?parent=18148"}],"wp:term":[{"taxonomy":"category","embeddable":true,"href":"https:\/\/eldiariodesanpedro.com.ar\/sitio\/wp-json\/wp\/v2\/categories?post=18148"},{"taxonomy":"post_tag","embeddable":true,"href":"https:\/\/eldiariodesanpedro.com.ar\/sitio\/wp-json\/wp\/v2\/tags?post=18148"}],"curies":[{"name":"wp","href":"https:\/\/api.w.org\/{rel}","templated":true}]}}