{"id":18145,"date":"2017-05-04T18:49:54","date_gmt":"2017-05-04T21:49:54","guid":{"rendered":"https:\/\/eldiariodesanpedro.com.ar\/sitio\/?p=18145"},"modified":"2017-05-04T18:49:54","modified_gmt":"2017-05-04T21:49:54","slug":"una-sampedrina-devolvio-1-millon-de-pesos-que-una-persona-se-dejo-olvidada-en-un-comercio","status":"publish","type":"post","link":"https:\/\/eldiariodesanpedro.com.ar\/sitio\/una-sampedrina-devolvio-1-millon-de-pesos-que-una-persona-se-dejo-olvidada-en-un-comercio\/","title":{"rendered":"Una sampedrina devolvi\u00f3 1 mill\u00f3n de pesos que una persona se dej\u00f3 olvidada en un comercio"},"content":{"rendered":"<p><!-- VideographyWP Plugin Message: Automatic video embedding prevented by plugin options. --><br \/>\nEleonora Detto se encontr\u00f3 por primera vez con una situaci\u00f3n que ocurri\u00f3 los primeros d\u00edas del mes de marzo. Sin embargo, trascendi\u00f3 recientemente y cuya decisi\u00f3n denota un noble gesto.<\/p>\n<p>La joven cont\u00f3:\u201cUn hombre que pas\u00f3 por el comercio en donde se desempe\u00f1a, en cercan\u00edas a la Plaza Constituci\u00f3n, se dej\u00f3 olvidada una maleta. Buscando alg\u00fan tipo de identificaci\u00f3n, se encontr\u00f3 que en su interior hab\u00eda una importante suma de dinero, cerca de 1 mill\u00f3n de pesos en efectivo, adem\u00e1s de cheques en blanco, tarjetas de cr\u00e9ditos\u201d, entre otras cosas.<\/p>\n<p>Aparentemente se trataba de un empresario que ten\u00eda la intenci\u00f3n de concretar un negocio en Expoagro y el efectivo ten\u00eda como destino una compra.<\/p>\n<p>\u201cSe fue y en la silla hab\u00eda un bolso, abr\u00ed y me encontr\u00e9 con un sobre que dec\u00eda el monto y unos n\u00fameros como de motor y de chasis\u201d, dijo Eleonora a trav\u00e9s de una entrevista concedida a \u201cLa Radio 92.3\u201d.<\/p>\n<p>\u201cEmpec\u00e9 a buscar alg\u00fan dato para localizar una persona y encontr\u00e9 datos de la empresa, llam\u00e9 y dej\u00e9 mensajes, me cruc\u00e9 al hotel del frente y no estaban alojados ah\u00ed. Comenc\u00e9 a llamar a todos los hoteles hasta que los encontr\u00e9 pero no hab\u00edan vuelto todav\u00eda\u201d, coment\u00f3 luego.  <\/p>\n<p>Y continu\u00f3 con el relato: \u201cDespu\u00e9s vino como a las 2 horas y media\u201d y \u201cyo lo abrac\u00e9, quer\u00eda que lo viniera a buscar\u201d.<\/p>\n<p>Asegur\u00f3 que \u201cnunca se le cruz\u00f3 por la cabeza\u201d quedarse con el dinero y asever\u00f3: \u201cCuando se la devolv\u00ed, me volvi\u00f3 el alma al cuerpo y al otro d\u00eda a otra cosa\u201d.<\/p>\n","protected":false},"excerpt":{"rendered":"<p>Eleonora Detto se encontr\u00f3 por primera vez con una situaci\u00f3n que ocurri\u00f3 los primeros d\u00edas del mes de marzo. Sin embargo, trascendi\u00f3 recientemente y cuya decisi\u00f3n denota un noble gesto. La joven cont\u00f3:\u201cUn hombre que pas\u00f3 por el comercio en donde se desempe\u00f1a, en cercan\u00edas a la Plaza Constituci\u00f3n, se dej\u00f3 olvidada una maleta. Buscando [&hellip;]<\/p>\n","protected":false},"author":4,"featured_media":18146,"comment_status":"open","ping_status":"closed","sticky":false,"template":"","format":"standard","meta":{"om_disable_all_campaigns":false,"_jetpack_memberships_contains_paid_content":false,"footnotes":""},"categories":[101,2],"tags":[],"class_list":["post-18145","post","type-post","status-publish","format-standard","has-post-thumbnail","hentry","category-interes-general-locales","category-locales"],"aioseo_notices":[],"gutentor_comment":0,"jetpack_featured_media_url":"https:\/\/eldiariodesanpedro.com.ar\/sitio\/wp-content\/uploads\/2017\/05\/Eleonora-Detto.jpeg","jetpack_shortlink":"https:\/\/wp.me\/p6RhLt-4IF","jetpack_sharing_enabled":true,"_links":{"self":[{"href":"https:\/\/eldiariodesanpedro.com.ar\/sitio\/wp-json\/wp\/v2\/posts\/18145","targetHints":{"allow":["GET"]}}],"collection":[{"href":"https:\/\/eldiariodesanpedro.com.ar\/sitio\/wp-json\/wp\/v2\/posts"}],"about":[{"href":"https:\/\/eldiariodesanpedro.com.ar\/sitio\/wp-json\/wp\/v2\/types\/post"}],"author":[{"embeddable":true,"href":"https:\/\/eldiariodesanpedro.com.ar\/sitio\/wp-json\/wp\/v2\/users\/4"}],"replies":[{"embeddable":true,"href":"https:\/\/eldiariodesanpedro.com.ar\/sitio\/wp-json\/wp\/v2\/comments?post=18145"}],"version-history":[{"count":1,"href":"https:\/\/eldiariodesanpedro.com.ar\/sitio\/wp-json\/wp\/v2\/posts\/18145\/revisions"}],"predecessor-version":[{"id":18147,"href":"https:\/\/eldiariodesanpedro.com.ar\/sitio\/wp-json\/wp\/v2\/posts\/18145\/revisions\/18147"}],"wp:featuredmedia":[{"embeddable":true,"href":"https:\/\/eldiariodesanpedro.com.ar\/sitio\/wp-json\/wp\/v2\/media\/18146"}],"wp:attachment":[{"href":"https:\/\/eldiariodesanpedro.com.ar\/sitio\/wp-json\/wp\/v2\/media?parent=18145"}],"wp:term":[{"taxonomy":"category","embeddable":true,"href":"https:\/\/eldiariodesanpedro.com.ar\/sitio\/wp-json\/wp\/v2\/categories?post=18145"},{"taxonomy":"post_tag","embeddable":true,"href":"https:\/\/eldiariodesanpedro.com.ar\/sitio\/wp-json\/wp\/v2\/tags?post=18145"}],"curies":[{"name":"wp","href":"https:\/\/api.w.org\/{rel}","templated":true}]}}