{"id":18142,"date":"2017-05-04T18:41:33","date_gmt":"2017-05-04T21:41:33","guid":{"rendered":"https:\/\/eldiariodesanpedro.com.ar\/sitio\/?p=18142"},"modified":"2017-05-04T18:41:33","modified_gmt":"2017-05-04T21:41:33","slug":"comenzo-la-construccion-de-la-plataforma-de-hormigon-del-jardin-del-barrio-banfield","status":"publish","type":"post","link":"https:\/\/eldiariodesanpedro.com.ar\/sitio\/comenzo-la-construccion-de-la-plataforma-de-hormigon-del-jardin-del-barrio-banfield\/","title":{"rendered":"Comenz\u00f3 la construcci\u00f3n de la plataforma de hormig\u00f3n del Jard\u00edn del barrio Banfield"},"content":{"rendered":"<p><!-- VideographyWP Plugin Message: Automatic video embedding prevented by plugin options. --><br \/>\nEn la ma\u00f1ana de hoy comenzaron a realizarse las tareas de hormigonado de la base del edificio. Autoridades municipales y del Consejo Escolar estuvieron en el lugar viendo como se desarrollaban las obras.<\/p>\n<p>En ese sentido el Secretario de Coordinaci\u00f3n Ram\u00f3n Salazar, se\u00f1al\u00f3: \u201cEstamos muy contentos de estar ac\u00e1. Se est\u00e1 haciendo la plataforma para este jard\u00edn tan importante para el barrio de Banfield\u201d.<\/p>\n<p>Por su parte, el presidente del Consejo Escolar, Gustavo Liloff, sostuvo: \u201cHoy se va a terminar la plataforma, en 6 meses concluye la obra por lo que el Ciclo Lectivo se va a iniciar, d\u00e1ndole respuesta a los nenes que hoy no pueden tener un jard\u00edn y creando un poquito de vacantes para San Pedro\u201d.<\/p>\n<p>\u201cAdem\u00e1s se van a crear de 25 puestos laborales nuevos en educaci\u00f3n, m\u00e1s los auxiliares, con una estructura que va a tener calefacci\u00f3n central, aire acondicionado para las aulas, va a venir con mobiliario, va a venir todo un jard\u00edn equipado\u201d, asever\u00f3.<\/p>\n<p>\u201cLuego dijo: \u201cEs realmente hist\u00f3rico para San Pedro que hoy se est\u00e1 construyendo un jard\u00edn como necesit\u00e1bamos y como hace tiempo no se ve\u00eda en San Pedro\u201d. \u201cEl Intendente posibilit\u00f3 que esto hoy se haga realidad, sin su intervenci\u00f3n esto hoy no se podr\u00eda estar construyendo\u201d, dijo a su vez.<\/p>\n<p>Sobre c\u00f3mo continuar\u00e1n los trabajos en el predio, sostuvo: \u201cLuego seguir\u00e1 el armado de las paredes, la semana que viene tendr\u00edan que estar concluidas para empezar el montaje de todo lo que sea el techo. Se va a hacer muy r\u00e1pido, creemos que en el termino de noviembre, m\u00e1s tardar enero tendria que estar ya el jard\u00edn a full para que en Marzo est\u00e9n ac\u00e1 todos los nenes cursando\u201d.<\/p>\n","protected":false},"excerpt":{"rendered":"<p>En la ma\u00f1ana de hoy comenzaron a realizarse las tareas de hormigonado de la base del edificio. Autoridades municipales y del Consejo Escolar estuvieron en el lugar viendo como se desarrollaban las obras. En ese sentido el Secretario de Coordinaci\u00f3n Ram\u00f3n Salazar, se\u00f1al\u00f3: \u201cEstamos muy contentos de estar ac\u00e1. Se est\u00e1 haciendo la plataforma para [&hellip;]<\/p>\n","protected":false},"author":4,"featured_media":18143,"comment_status":"open","ping_status":"closed","sticky":false,"template":"","format":"standard","meta":{"om_disable_all_campaigns":false,"_jetpack_memberships_contains_paid_content":false,"footnotes":""},"categories":[101,2],"tags":[],"class_list":["post-18142","post","type-post","status-publish","format-standard","has-post-thumbnail","hentry","category-interes-general-locales","category-locales"],"aioseo_notices":[],"gutentor_comment":0,"jetpack_featured_media_url":"https:\/\/eldiariodesanpedro.com.ar\/sitio\/wp-content\/uploads\/2017\/05\/Comenz\u00f3-la-construcci\u00f3n-de-la-plataforma-de-hormig\u00f3n-del-Jard\u00edn-del-barrio-Banfield.jpg","jetpack_shortlink":"https:\/\/wp.me\/p6RhLt-4IC","jetpack_sharing_enabled":true,"_links":{"self":[{"href":"https:\/\/eldiariodesanpedro.com.ar\/sitio\/wp-json\/wp\/v2\/posts\/18142","targetHints":{"allow":["GET"]}}],"collection":[{"href":"https:\/\/eldiariodesanpedro.com.ar\/sitio\/wp-json\/wp\/v2\/posts"}],"about":[{"href":"https:\/\/eldiariodesanpedro.com.ar\/sitio\/wp-json\/wp\/v2\/types\/post"}],"author":[{"embeddable":true,"href":"https:\/\/eldiariodesanpedro.com.ar\/sitio\/wp-json\/wp\/v2\/users\/4"}],"replies":[{"embeddable":true,"href":"https:\/\/eldiariodesanpedro.com.ar\/sitio\/wp-json\/wp\/v2\/comments?post=18142"}],"version-history":[{"count":1,"href":"https:\/\/eldiariodesanpedro.com.ar\/sitio\/wp-json\/wp\/v2\/posts\/18142\/revisions"}],"predecessor-version":[{"id":18144,"href":"https:\/\/eldiariodesanpedro.com.ar\/sitio\/wp-json\/wp\/v2\/posts\/18142\/revisions\/18144"}],"wp:featuredmedia":[{"embeddable":true,"href":"https:\/\/eldiariodesanpedro.com.ar\/sitio\/wp-json\/wp\/v2\/media\/18143"}],"wp:attachment":[{"href":"https:\/\/eldiariodesanpedro.com.ar\/sitio\/wp-json\/wp\/v2\/media?parent=18142"}],"wp:term":[{"taxonomy":"category","embeddable":true,"href":"https:\/\/eldiariodesanpedro.com.ar\/sitio\/wp-json\/wp\/v2\/categories?post=18142"},{"taxonomy":"post_tag","embeddable":true,"href":"https:\/\/eldiariodesanpedro.com.ar\/sitio\/wp-json\/wp\/v2\/tags?post=18142"}],"curies":[{"name":"wp","href":"https:\/\/api.w.org\/{rel}","templated":true}]}}