{"id":18140,"date":"2017-05-04T18:35:57","date_gmt":"2017-05-04T21:35:57","guid":{"rendered":"https:\/\/eldiariodesanpedro.com.ar\/sitio\/?p=18140"},"modified":"2017-05-04T18:35:57","modified_gmt":"2017-05-04T21:35:57","slug":"como-cobrar-los-gastos-por-sepelio","status":"publish","type":"post","link":"https:\/\/eldiariodesanpedro.com.ar\/sitio\/como-cobrar-los-gastos-por-sepelio\/","title":{"rendered":"C\u00f3mo cobrar los gastos por sepelio"},"content":{"rendered":"<p><!-- VideographyWP Plugin Message: Automatic video embedding prevented by plugin options. --><br \/>\nLa ANSES recuerda que, ante el fallecimiento de un jubilado o pensionado del Sistema Integrado Previsional Argentino (SIPA), residente en el pa\u00eds o en el exterior, la ANSES abona el Subsidio de Contenci\u00f3n Familiar. <\/p>\n<p>Es una suma fija de $6000, vigente de acuerdo a la fecha de fallecimiento a partir del 24\/7\/2015, que se abona a los herederos del causante o a cualquier persona f\u00edsica que denuncie el deceso del titular y que acredite haber abonado los gastos del sepelio mediante la presentaci\u00f3n de la factura extendida a su nombre por la empresa funeraria que realiz\u00f3 el servicio.<\/p>\n<p>El subsidio deber\u00e1 ser solicitado dentro del plazo de un a\u00f1o contado a partir de la fecha de fallecimiento. Pasado ese tiempo, el derecho prescribe. <\/p>\n<p><strong>Grupo de pago para ma\u00f1ana<\/strong><\/p>\n<p>Titulares de Pensiones No Contributivas cuyos documentos terminan en 6 y 7.<br \/>\nTitulares de la Asignaci\u00f3n Universal por Hijo, por Embarazo para Protecci\u00f3n Social y PROGRESAR cuyos documentos terminan en 0.<br \/>\nLos calendarios de pagos de todas las prestaciones pueden consultarse en www.anses.gob.ar. <\/p>\n","protected":false},"excerpt":{"rendered":"<p>La ANSES recuerda que, ante el fallecimiento de un jubilado o pensionado del Sistema Integrado Previsional Argentino (SIPA), residente en el pa\u00eds o en el exterior, la ANSES abona el Subsidio de Contenci\u00f3n Familiar. Es una suma fija de $6000, vigente de acuerdo a la fecha de fallecimiento a partir del 24\/7\/2015, que se abona [&hellip;]<\/p>\n","protected":false},"author":4,"featured_media":5359,"comment_status":"open","ping_status":"closed","sticky":false,"template":"","format":"standard","meta":{"om_disable_all_campaigns":false,"_jetpack_memberships_contains_paid_content":false,"footnotes":""},"categories":[101,2],"tags":[],"class_list":["post-18140","post","type-post","status-publish","format-standard","has-post-thumbnail","hentry","category-interes-general-locales","category-locales"],"aioseo_notices":[],"gutentor_comment":0,"jetpack_featured_media_url":"https:\/\/eldiariodesanpedro.com.ar\/sitio\/wp-content\/uploads\/2016\/06\/anses.jpg","jetpack_shortlink":"https:\/\/wp.me\/p6RhLt-4IA","jetpack_sharing_enabled":true,"_links":{"self":[{"href":"https:\/\/eldiariodesanpedro.com.ar\/sitio\/wp-json\/wp\/v2\/posts\/18140","targetHints":{"allow":["GET"]}}],"collection":[{"href":"https:\/\/eldiariodesanpedro.com.ar\/sitio\/wp-json\/wp\/v2\/posts"}],"about":[{"href":"https:\/\/eldiariodesanpedro.com.ar\/sitio\/wp-json\/wp\/v2\/types\/post"}],"author":[{"embeddable":true,"href":"https:\/\/eldiariodesanpedro.com.ar\/sitio\/wp-json\/wp\/v2\/users\/4"}],"replies":[{"embeddable":true,"href":"https:\/\/eldiariodesanpedro.com.ar\/sitio\/wp-json\/wp\/v2\/comments?post=18140"}],"version-history":[{"count":1,"href":"https:\/\/eldiariodesanpedro.com.ar\/sitio\/wp-json\/wp\/v2\/posts\/18140\/revisions"}],"predecessor-version":[{"id":18141,"href":"https:\/\/eldiariodesanpedro.com.ar\/sitio\/wp-json\/wp\/v2\/posts\/18140\/revisions\/18141"}],"wp:featuredmedia":[{"embeddable":true,"href":"https:\/\/eldiariodesanpedro.com.ar\/sitio\/wp-json\/wp\/v2\/media\/5359"}],"wp:attachment":[{"href":"https:\/\/eldiariodesanpedro.com.ar\/sitio\/wp-json\/wp\/v2\/media?parent=18140"}],"wp:term":[{"taxonomy":"category","embeddable":true,"href":"https:\/\/eldiariodesanpedro.com.ar\/sitio\/wp-json\/wp\/v2\/categories?post=18140"},{"taxonomy":"post_tag","embeddable":true,"href":"https:\/\/eldiariodesanpedro.com.ar\/sitio\/wp-json\/wp\/v2\/tags?post=18140"}],"curies":[{"name":"wp","href":"https:\/\/api.w.org\/{rel}","templated":true}]}}