{"id":18137,"date":"2017-05-04T18:30:10","date_gmt":"2017-05-04T21:30:10","guid":{"rendered":"https:\/\/eldiariodesanpedro.com.ar\/sitio\/?p=18137"},"modified":"2017-05-04T18:30:10","modified_gmt":"2017-05-04T21:30:10","slug":"presentaron-en-gobernador-castro-los-cursos-de-uocra","status":"publish","type":"post","link":"https:\/\/eldiariodesanpedro.com.ar\/sitio\/presentaron-en-gobernador-castro-los-cursos-de-uocra\/","title":{"rendered":"Presentaron en Gobernador Castro los cursos de UOCRA"},"content":{"rendered":"<p><!-- VideographyWP Plugin Message: Automatic video embedding prevented by plugin options. --><br \/>\nEl martes por la tarde el se\u00f1or Intendente Cecilio Salazar present\u00f3 en Gobernador Castro los cursos de capacitaci\u00f3n que dicta la UOCRA, una herramienta necesaria para estar a la altura de los requerimientos de los ingenieros y t\u00e9cnicos que lleguen a San Pedro para llevar adelante aquellas obras que brindar\u00e1n mano de obra en la ciudad.<\/p>\n<p>Estuvo presente el Secretario de Organizaci\u00f3n Juan Reufo quien destac\u00f3 el acompa\u00f1amiento del se\u00f1or Intendente para brindarle a la poblaci\u00f3n esta gran oportunidad de crecer laboralmente.<\/p>\n","protected":false},"excerpt":{"rendered":"<p>El martes por la tarde el se\u00f1or Intendente Cecilio Salazar present\u00f3 en Gobernador Castro los cursos de capacitaci\u00f3n que dicta la UOCRA, una herramienta necesaria para estar a la altura de los requerimientos de los ingenieros y t\u00e9cnicos que lleguen a San Pedro para llevar adelante aquellas obras que brindar\u00e1n mano de obra en la [&hellip;]<\/p>\n","protected":false},"author":4,"featured_media":18138,"comment_status":"open","ping_status":"closed","sticky":false,"template":"","format":"standard","meta":{"om_disable_all_campaigns":false,"_jetpack_memberships_contains_paid_content":false,"footnotes":""},"categories":[2,102],"tags":[],"class_list":["post-18137","post","type-post","status-publish","format-standard","has-post-thumbnail","hentry","category-locales","category-politica-locales"],"aioseo_notices":[],"gutentor_comment":0,"jetpack_featured_media_url":"https:\/\/eldiariodesanpedro.com.ar\/sitio\/wp-content\/uploads\/2017\/05\/Salazar-junto-autoridades-UOCRA-dieron-comienzo-a-los-cursos-en-la-localidad.jpg","jetpack_shortlink":"https:\/\/wp.me\/p6RhLt-4Ix","jetpack_sharing_enabled":true,"_links":{"self":[{"href":"https:\/\/eldiariodesanpedro.com.ar\/sitio\/wp-json\/wp\/v2\/posts\/18137","targetHints":{"allow":["GET"]}}],"collection":[{"href":"https:\/\/eldiariodesanpedro.com.ar\/sitio\/wp-json\/wp\/v2\/posts"}],"about":[{"href":"https:\/\/eldiariodesanpedro.com.ar\/sitio\/wp-json\/wp\/v2\/types\/post"}],"author":[{"embeddable":true,"href":"https:\/\/eldiariodesanpedro.com.ar\/sitio\/wp-json\/wp\/v2\/users\/4"}],"replies":[{"embeddable":true,"href":"https:\/\/eldiariodesanpedro.com.ar\/sitio\/wp-json\/wp\/v2\/comments?post=18137"}],"version-history":[{"count":1,"href":"https:\/\/eldiariodesanpedro.com.ar\/sitio\/wp-json\/wp\/v2\/posts\/18137\/revisions"}],"predecessor-version":[{"id":18139,"href":"https:\/\/eldiariodesanpedro.com.ar\/sitio\/wp-json\/wp\/v2\/posts\/18137\/revisions\/18139"}],"wp:featuredmedia":[{"embeddable":true,"href":"https:\/\/eldiariodesanpedro.com.ar\/sitio\/wp-json\/wp\/v2\/media\/18138"}],"wp:attachment":[{"href":"https:\/\/eldiariodesanpedro.com.ar\/sitio\/wp-json\/wp\/v2\/media?parent=18137"}],"wp:term":[{"taxonomy":"category","embeddable":true,"href":"https:\/\/eldiariodesanpedro.com.ar\/sitio\/wp-json\/wp\/v2\/categories?post=18137"},{"taxonomy":"post_tag","embeddable":true,"href":"https:\/\/eldiariodesanpedro.com.ar\/sitio\/wp-json\/wp\/v2\/tags?post=18137"}],"curies":[{"name":"wp","href":"https:\/\/api.w.org\/{rel}","templated":true}]}}