{"id":18134,"date":"2017-05-04T18:26:39","date_gmt":"2017-05-04T21:26:39","guid":{"rendered":"https:\/\/eldiariodesanpedro.com.ar\/sitio\/?p=18134"},"modified":"2017-05-04T18:26:39","modified_gmt":"2017-05-04T21:26:39","slug":"la-direccion-de-turismo-difundio-los-numeros-del-fin-de-semana","status":"publish","type":"post","link":"https:\/\/eldiariodesanpedro.com.ar\/sitio\/la-direccion-de-turismo-difundio-los-numeros-del-fin-de-semana\/","title":{"rendered":"La Direcci\u00f3n de Turismo difundi\u00f3 los \u00abn\u00fameros\u00bb del fin de semana"},"content":{"rendered":"<p><!-- VideographyWP Plugin Message: Automatic video embedding prevented by plugin options. --><br \/>\nos shows del s\u00e1bado y domingo, sumado al clima generaron una gran afluencia de turistas que disfrutaron de los paisajes que ofrece nuestra ciudad.<\/p>\n<p>El \u00faltimo fin de semana largo San Pedro fue escenario de dos jornadas \u00fanicas que pudieron ser disfrutadas tanto por sampedrinos como por los turistas que llegaron a la ciudad desde diferentes puntos del pa\u00eds con el fin de disfrutar los espect\u00e1culos que ofrecieron Soledad, Miranda! Y Adriana, entre otros.<\/p>\n<p>En las casillas de turismo se registraron los siguientes n\u00fameros:<\/p>\n<p>Puesto de Juan B. Justo y Mitre<br \/>\nConsultas: 205<br \/>\nPersonas: 610<br \/>\nMitre y 3 de Febrero<br \/>\nConsultas: 309<br \/>\nPersonas: 875<br \/>\nAv. Espa\u00f1a<br \/>\nConsultas: 198<br \/>\nPersonas: 545<br \/>\nCasona Direcci\u00f3n de Turismo<br \/>\nConsultas: 186<br \/>\nPersonas: 489<\/p>\n<p><strong>San Pedro presente en Expoeventos<\/strong><\/p>\n<p>La ciudad de San Pedro dijo presente en la edici\u00f3n 2017 de Expoeventos que se desarroll\u00f3 en Costa Salguero, all\u00ed estuvo presente la Directora de Turismo de nuestra ciudad Marcela Cu\u00f1er junto a parte de su equipo. <\/p>\n<p>La titular del \u00e1rea aprovech\u00f3 las jornadas para reunirse con colegas de la region y el Director de Promoci\u00f3n a nivel provincial Tom\u00e1s Meyer con quien proyecto actividades en conjunto para promocionar el corredor norte de Buenos Aires. <\/p>\n<p>Adem\u00e1s mantuvo otro encuentro con el Subsecretario de Turismo de la Provincia Ignacio Corto con quien tambi\u00e9n di\u00e1logo sobre programas y proyectos que se desarrollar\u00e1n en la ciudad con el fin de explotarla tur\u00edsticamente.<\/p>\n","protected":false},"excerpt":{"rendered":"<p>os shows del s\u00e1bado y domingo, sumado al clima generaron una gran afluencia de turistas que disfrutaron de los paisajes que ofrece nuestra ciudad. El \u00faltimo fin de semana largo San Pedro fue escenario de dos jornadas \u00fanicas que pudieron ser disfrutadas tanto por sampedrinos como por los turistas que llegaron a la ciudad desde [&hellip;]<\/p>\n","protected":false},"author":4,"featured_media":18135,"comment_status":"open","ping_status":"closed","sticky":false,"template":"","format":"standard","meta":{"om_disable_all_campaigns":false,"_jetpack_memberships_contains_paid_content":false,"footnotes":""},"categories":[101,2],"tags":[],"class_list":["post-18134","post","type-post","status-publish","format-standard","has-post-thumbnail","hentry","category-interes-general-locales","category-locales"],"aioseo_notices":[],"gutentor_comment":0,"jetpack_featured_media_url":"https:\/\/eldiariodesanpedro.com.ar\/sitio\/wp-content\/uploads\/2017\/05\/turismo-san-pedro.jpg","jetpack_shortlink":"https:\/\/wp.me\/p6RhLt-4Iu","jetpack_sharing_enabled":true,"_links":{"self":[{"href":"https:\/\/eldiariodesanpedro.com.ar\/sitio\/wp-json\/wp\/v2\/posts\/18134","targetHints":{"allow":["GET"]}}],"collection":[{"href":"https:\/\/eldiariodesanpedro.com.ar\/sitio\/wp-json\/wp\/v2\/posts"}],"about":[{"href":"https:\/\/eldiariodesanpedro.com.ar\/sitio\/wp-json\/wp\/v2\/types\/post"}],"author":[{"embeddable":true,"href":"https:\/\/eldiariodesanpedro.com.ar\/sitio\/wp-json\/wp\/v2\/users\/4"}],"replies":[{"embeddable":true,"href":"https:\/\/eldiariodesanpedro.com.ar\/sitio\/wp-json\/wp\/v2\/comments?post=18134"}],"version-history":[{"count":1,"href":"https:\/\/eldiariodesanpedro.com.ar\/sitio\/wp-json\/wp\/v2\/posts\/18134\/revisions"}],"predecessor-version":[{"id":18136,"href":"https:\/\/eldiariodesanpedro.com.ar\/sitio\/wp-json\/wp\/v2\/posts\/18134\/revisions\/18136"}],"wp:featuredmedia":[{"embeddable":true,"href":"https:\/\/eldiariodesanpedro.com.ar\/sitio\/wp-json\/wp\/v2\/media\/18135"}],"wp:attachment":[{"href":"https:\/\/eldiariodesanpedro.com.ar\/sitio\/wp-json\/wp\/v2\/media?parent=18134"}],"wp:term":[{"taxonomy":"category","embeddable":true,"href":"https:\/\/eldiariodesanpedro.com.ar\/sitio\/wp-json\/wp\/v2\/categories?post=18134"},{"taxonomy":"post_tag","embeddable":true,"href":"https:\/\/eldiariodesanpedro.com.ar\/sitio\/wp-json\/wp\/v2\/tags?post=18134"}],"curies":[{"name":"wp","href":"https:\/\/api.w.org\/{rel}","templated":true}]}}