{"id":18131,"date":"2017-05-04T15:21:38","date_gmt":"2017-05-04T18:21:38","guid":{"rendered":"https:\/\/eldiariodesanpedro.com.ar\/sitio\/?p=18131"},"modified":"2017-05-04T15:21:38","modified_gmt":"2017-05-04T18:21:38","slug":"plantas-mas-sanas-con-menos-productos","status":"publish","type":"post","link":"https:\/\/eldiariodesanpedro.com.ar\/sitio\/plantas-mas-sanas-con-menos-productos\/","title":{"rendered":"Plantas m\u00e1s sanas con menos productos"},"content":{"rendered":"<p><!-- VideographyWP Plugin Message: Automatic video embedding prevented by plugin options. --><br \/>\nLas consultas por problemas de plagas o enfermedades a escala familiar constituyen una importante fuente de contactos semanales en INTA San Pedro. El 12 de mayo se realizar\u00e1 en Baradero un encuentro destinado a abordar las principales preocupaciones y presentar una modalidad de ordenarlas que mejore el intercambio.<\/p>\n<p>El encuentro busca compartir con la comunidad los principales problemas sanitarios que suelen motivar consultas  en lo que respecta a frutales, hortalizas y algunas ornamentales, as\u00ed como reforzar el contacto con los que est\u00e9n interesados en canalizar consultas a trav\u00e9s del INTA. Con la irrupci\u00f3n de las tecnolog\u00edas digitales, a la entrega de muestras presenciales, por email y a trav\u00e9s de la plataforma online que tiene el INTA San Pedro, se han sumado las consultas directas por Whatsapp a los especialistas.<\/p>\n<p>En este sentido, el 12 de mayo ser\u00e1 una oportunidad interesante para ordenar el intercambio y como dice Mariel Mitidieri, una de las t\u00e9cnicas a cargo del espacio: \u201cTransmitir a la comunidad que el INTA est\u00e1 a disposici\u00f3n para resolver algunos problemas que los afectan, difundir las causales de estos problemas para encontrar soluciones racionales y mejorar las producciones familiares minimizando el uso de plaguicidas\u201d.<\/p>\n<p>El encuentro partir\u00e1 de las consultas m\u00e1s frecuentes, como cochinillas, mosca de los frutos, virosis en hortalizas, podredumbres de duraznos, s\u00edntomas foliares en distintos cultivos ocasionados por enfermedades  y por deriva de plaguicidas, mal manejo del suelo,  amarillamiento en limonero y jazm\u00edn, pulg\u00f3n lan\u00edgero, torque en duraznero, mosca blanca, caracoles y babosas, hormigas, etc. Se presentar\u00e1n alternativas para su manejo, partiendo de la prevenci\u00f3n, pero tambi\u00e9n el uso de alternativas naturales que eviten los agroqu\u00edmicos.<\/p>\n","protected":false},"excerpt":{"rendered":"<p>Las consultas por problemas de plagas o enfermedades a escala familiar constituyen una importante fuente de contactos semanales en INTA San Pedro. El 12 de mayo se realizar\u00e1 en Baradero un encuentro destinado a abordar las principales preocupaciones y presentar una modalidad de ordenarlas que mejore el intercambio. El encuentro busca compartir con la comunidad [&hellip;]<\/p>\n","protected":false},"author":4,"featured_media":18132,"comment_status":"open","ping_status":"closed","sticky":false,"template":"","format":"standard","meta":{"om_disable_all_campaigns":false,"_jetpack_memberships_contains_paid_content":false,"footnotes":""},"categories":[101,2],"tags":[],"class_list":["post-18131","post","type-post","status-publish","format-standard","has-post-thumbnail","hentry","category-interes-general-locales","category-locales"],"aioseo_notices":[],"gutentor_comment":0,"jetpack_featured_media_url":"https:\/\/eldiariodesanpedro.com.ar\/sitio\/wp-content\/uploads\/2017\/05\/100_1011.jpg","jetpack_shortlink":"https:\/\/wp.me\/p6RhLt-4Ir","jetpack_sharing_enabled":true,"_links":{"self":[{"href":"https:\/\/eldiariodesanpedro.com.ar\/sitio\/wp-json\/wp\/v2\/posts\/18131","targetHints":{"allow":["GET"]}}],"collection":[{"href":"https:\/\/eldiariodesanpedro.com.ar\/sitio\/wp-json\/wp\/v2\/posts"}],"about":[{"href":"https:\/\/eldiariodesanpedro.com.ar\/sitio\/wp-json\/wp\/v2\/types\/post"}],"author":[{"embeddable":true,"href":"https:\/\/eldiariodesanpedro.com.ar\/sitio\/wp-json\/wp\/v2\/users\/4"}],"replies":[{"embeddable":true,"href":"https:\/\/eldiariodesanpedro.com.ar\/sitio\/wp-json\/wp\/v2\/comments?post=18131"}],"version-history":[{"count":1,"href":"https:\/\/eldiariodesanpedro.com.ar\/sitio\/wp-json\/wp\/v2\/posts\/18131\/revisions"}],"predecessor-version":[{"id":18133,"href":"https:\/\/eldiariodesanpedro.com.ar\/sitio\/wp-json\/wp\/v2\/posts\/18131\/revisions\/18133"}],"wp:featuredmedia":[{"embeddable":true,"href":"https:\/\/eldiariodesanpedro.com.ar\/sitio\/wp-json\/wp\/v2\/media\/18132"}],"wp:attachment":[{"href":"https:\/\/eldiariodesanpedro.com.ar\/sitio\/wp-json\/wp\/v2\/media?parent=18131"}],"wp:term":[{"taxonomy":"category","embeddable":true,"href":"https:\/\/eldiariodesanpedro.com.ar\/sitio\/wp-json\/wp\/v2\/categories?post=18131"},{"taxonomy":"post_tag","embeddable":true,"href":"https:\/\/eldiariodesanpedro.com.ar\/sitio\/wp-json\/wp\/v2\/tags?post=18131"}],"curies":[{"name":"wp","href":"https:\/\/api.w.org\/{rel}","templated":true}]}}