{"id":18128,"date":"2017-05-04T15:00:11","date_gmt":"2017-05-04T18:00:11","guid":{"rendered":"https:\/\/eldiariodesanpedro.com.ar\/sitio\/?p=18128"},"modified":"2017-05-04T15:00:11","modified_gmt":"2017-05-04T18:00:11","slug":"se-buscan-profesionales-y-tecnicos-de-carreras-humanitarias-y-afines","status":"publish","type":"post","link":"https:\/\/eldiariodesanpedro.com.ar\/sitio\/se-buscan-profesionales-y-tecnicos-de-carreras-humanitarias-y-afines\/","title":{"rendered":"Se buscan profesionales y t\u00e9cnicos de carreras humanitarias y afines"},"content":{"rendered":"<p><!-- VideographyWP Plugin Message: Automatic video embedding prevented by plugin options. --><br \/>\nLa Secretar\u00eda de Desarrollo Humano convoca a profesionales y t\u00e9cnicos de carreras humanitarias y afines, para conformar el equipo t\u00e9cnico del programa \u201cAutonom\u00eda Joven\u201d.<\/p>\n<p>Los interesados deben acercar su CV antes del 9 de mayo a la Secretar\u00eda de Desarrollo Humano ubicada en O. C\u00e9sar 280, de 8.00 a 14.00.<\/p>\n","protected":false},"excerpt":{"rendered":"<p>La Secretar\u00eda de Desarrollo Humano convoca a profesionales y t\u00e9cnicos de carreras humanitarias y afines, para conformar el equipo t\u00e9cnico del programa \u201cAutonom\u00eda Joven\u201d. Los interesados deben acercar su CV antes del 9 de mayo a la Secretar\u00eda de Desarrollo Humano ubicada en O. C\u00e9sar 280, de 8.00 a 14.00.<\/p>\n","protected":false},"author":4,"featured_media":18129,"comment_status":"open","ping_status":"closed","sticky":false,"template":"","format":"standard","meta":{"om_disable_all_campaigns":false,"_jetpack_memberships_contains_paid_content":false,"footnotes":""},"categories":[101,2],"tags":[],"class_list":["post-18128","post","type-post","status-publish","format-standard","has-post-thumbnail","hentry","category-interes-general-locales","category-locales"],"aioseo_notices":[],"gutentor_comment":0,"jetpack_featured_media_url":"https:\/\/eldiariodesanpedro.com.ar\/sitio\/wp-content\/uploads\/2017\/05\/carreras-humanistas.jpg","jetpack_shortlink":"https:\/\/wp.me\/p6RhLt-4Io","jetpack_sharing_enabled":true,"_links":{"self":[{"href":"https:\/\/eldiariodesanpedro.com.ar\/sitio\/wp-json\/wp\/v2\/posts\/18128","targetHints":{"allow":["GET"]}}],"collection":[{"href":"https:\/\/eldiariodesanpedro.com.ar\/sitio\/wp-json\/wp\/v2\/posts"}],"about":[{"href":"https:\/\/eldiariodesanpedro.com.ar\/sitio\/wp-json\/wp\/v2\/types\/post"}],"author":[{"embeddable":true,"href":"https:\/\/eldiariodesanpedro.com.ar\/sitio\/wp-json\/wp\/v2\/users\/4"}],"replies":[{"embeddable":true,"href":"https:\/\/eldiariodesanpedro.com.ar\/sitio\/wp-json\/wp\/v2\/comments?post=18128"}],"version-history":[{"count":1,"href":"https:\/\/eldiariodesanpedro.com.ar\/sitio\/wp-json\/wp\/v2\/posts\/18128\/revisions"}],"predecessor-version":[{"id":18130,"href":"https:\/\/eldiariodesanpedro.com.ar\/sitio\/wp-json\/wp\/v2\/posts\/18128\/revisions\/18130"}],"wp:featuredmedia":[{"embeddable":true,"href":"https:\/\/eldiariodesanpedro.com.ar\/sitio\/wp-json\/wp\/v2\/media\/18129"}],"wp:attachment":[{"href":"https:\/\/eldiariodesanpedro.com.ar\/sitio\/wp-json\/wp\/v2\/media?parent=18128"}],"wp:term":[{"taxonomy":"category","embeddable":true,"href":"https:\/\/eldiariodesanpedro.com.ar\/sitio\/wp-json\/wp\/v2\/categories?post=18128"},{"taxonomy":"post_tag","embeddable":true,"href":"https:\/\/eldiariodesanpedro.com.ar\/sitio\/wp-json\/wp\/v2\/tags?post=18128"}],"curies":[{"name":"wp","href":"https:\/\/api.w.org\/{rel}","templated":true}]}}