{"id":18125,"date":"2017-05-04T14:45:56","date_gmt":"2017-05-04T17:45:56","guid":{"rendered":"https:\/\/eldiariodesanpedro.com.ar\/sitio\/?p=18125"},"modified":"2017-05-04T14:45:56","modified_gmt":"2017-05-04T17:45:56","slug":"patricia-bullrich-visitara-san-pedro-para-la-inauguracion-de-un-local-partidario","status":"publish","type":"post","link":"https:\/\/eldiariodesanpedro.com.ar\/sitio\/patricia-bullrich-visitara-san-pedro-para-la-inauguracion-de-un-local-partidario\/","title":{"rendered":"Patricia Bullrich visitar\u00e1 San Pedro para la inauguraci\u00f3n de un local partidario"},"content":{"rendered":"<p><!-- VideographyWP Plugin Message: Automatic video embedding prevented by plugin options. --><br \/>\nEl pr\u00f3ximo d\u00eda 15 de mayo a las 18 hs el partido Uni\u00f3n por la Libertad de San Pedro inaugurar\u00e1 su nueva sede en nuestra ciudad.  <\/p>\n<p>Con el fin de seguir fortaleciendo Cambiemos como un espacio de representaci\u00f3n en San Pedro y la Segunda Seccion Electoral presenta su local partidario en Bv. Moreno y Las Provincias. <\/p>\n<p>La misma se desarrollar\u00e1 con la presencia de la Ministra de Seguridad de la Naci\u00f3n Patricia Bullrich y el Secretario de Fronteras Luis Green, entre dem\u00e1s funcionarios y autoridades partidarias nacionales y provinciales.<\/p>\n","protected":false},"excerpt":{"rendered":"<p>El pr\u00f3ximo d\u00eda 15 de mayo a las 18 hs el partido Uni\u00f3n por la Libertad de San Pedro inaugurar\u00e1 su nueva sede en nuestra ciudad. Con el fin de seguir fortaleciendo Cambiemos como un espacio de representaci\u00f3n en San Pedro y la Segunda Seccion Electoral presenta su local partidario en Bv. Moreno y Las [&hellip;]<\/p>\n","protected":false},"author":4,"featured_media":18126,"comment_status":"open","ping_status":"closed","sticky":false,"template":"","format":"standard","meta":{"om_disable_all_campaigns":false,"_jetpack_memberships_contains_paid_content":false,"footnotes":""},"categories":[50,2,102],"tags":[],"class_list":["post-18125","post","type-post","status-publish","format-standard","has-post-thumbnail","hentry","category-destacadas","category-locales","category-politica-locales"],"aioseo_notices":[],"gutentor_comment":0,"jetpack_featured_media_url":"https:\/\/eldiariodesanpedro.com.ar\/sitio\/wp-content\/uploads\/2017\/05\/Patricia-Bullrich.jpg","jetpack_shortlink":"https:\/\/wp.me\/p6RhLt-4Il","jetpack_sharing_enabled":true,"_links":{"self":[{"href":"https:\/\/eldiariodesanpedro.com.ar\/sitio\/wp-json\/wp\/v2\/posts\/18125","targetHints":{"allow":["GET"]}}],"collection":[{"href":"https:\/\/eldiariodesanpedro.com.ar\/sitio\/wp-json\/wp\/v2\/posts"}],"about":[{"href":"https:\/\/eldiariodesanpedro.com.ar\/sitio\/wp-json\/wp\/v2\/types\/post"}],"author":[{"embeddable":true,"href":"https:\/\/eldiariodesanpedro.com.ar\/sitio\/wp-json\/wp\/v2\/users\/4"}],"replies":[{"embeddable":true,"href":"https:\/\/eldiariodesanpedro.com.ar\/sitio\/wp-json\/wp\/v2\/comments?post=18125"}],"version-history":[{"count":1,"href":"https:\/\/eldiariodesanpedro.com.ar\/sitio\/wp-json\/wp\/v2\/posts\/18125\/revisions"}],"predecessor-version":[{"id":18127,"href":"https:\/\/eldiariodesanpedro.com.ar\/sitio\/wp-json\/wp\/v2\/posts\/18125\/revisions\/18127"}],"wp:featuredmedia":[{"embeddable":true,"href":"https:\/\/eldiariodesanpedro.com.ar\/sitio\/wp-json\/wp\/v2\/media\/18126"}],"wp:attachment":[{"href":"https:\/\/eldiariodesanpedro.com.ar\/sitio\/wp-json\/wp\/v2\/media?parent=18125"}],"wp:term":[{"taxonomy":"category","embeddable":true,"href":"https:\/\/eldiariodesanpedro.com.ar\/sitio\/wp-json\/wp\/v2\/categories?post=18125"},{"taxonomy":"post_tag","embeddable":true,"href":"https:\/\/eldiariodesanpedro.com.ar\/sitio\/wp-json\/wp\/v2\/tags?post=18125"}],"curies":[{"name":"wp","href":"https:\/\/api.w.org\/{rel}","templated":true}]}}