{"id":18122,"date":"2017-05-04T14:35:03","date_gmt":"2017-05-04T17:35:03","guid":{"rendered":"https:\/\/eldiariodesanpedro.com.ar\/sitio\/?p=18122"},"modified":"2017-05-04T14:35:03","modified_gmt":"2017-05-04T17:35:03","slug":"capacitacion-sobre-violencia-de-genero-y-diversidad-sexual","status":"publish","type":"post","link":"https:\/\/eldiariodesanpedro.com.ar\/sitio\/capacitacion-sobre-violencia-de-genero-y-diversidad-sexual\/","title":{"rendered":"Capacitaci\u00f3n sobre Violencia de G\u00e9nero y Diversidad Sexual"},"content":{"rendered":"<p><!-- VideographyWP Plugin Message: Automatic video embedding prevented by plugin options. --><br \/>\nUn equipo del Servicio de Protecci\u00f3n contra la Violencia Familiar de la ciudad de San Pedro, encabezados por la Secretaria de Desarrollo Humano Karina Chiarella particip\u00f3 de la jornada de capacitaci\u00f3n que dict\u00f3 la subsecretar\u00eda provincial de Violencia de G\u00e9nero y Diversidad Sexual en Baradero.<\/p>\n<p>Tambi\u00e9n participaron la titular de la Comisar\u00eda de la Mujer de San Pedro Daniela Garc\u00eda y la Coordinadora de Pol\u00edticas de G\u00e9nero de la Zona de San Nicol\u00e1s Carina Torrico.<\/p>\n","protected":false},"excerpt":{"rendered":"<p>Un equipo del Servicio de Protecci\u00f3n contra la Violencia Familiar de la ciudad de San Pedro, encabezados por la Secretaria de Desarrollo Humano Karina Chiarella particip\u00f3 de la jornada de capacitaci\u00f3n que dict\u00f3 la subsecretar\u00eda provincial de Violencia de G\u00e9nero y Diversidad Sexual en Baradero. Tambi\u00e9n participaron la titular de la Comisar\u00eda de la Mujer [&hellip;]<\/p>\n","protected":false},"author":4,"featured_media":18123,"comment_status":"open","ping_status":"closed","sticky":false,"template":"","format":"standard","meta":{"om_disable_all_campaigns":false,"_jetpack_memberships_contains_paid_content":false,"footnotes":""},"categories":[50,101,2],"tags":[],"class_list":["post-18122","post","type-post","status-publish","format-standard","has-post-thumbnail","hentry","category-destacadas","category-interes-general-locales","category-locales"],"aioseo_notices":[],"gutentor_comment":0,"jetpack_featured_media_url":"https:\/\/eldiariodesanpedro.com.ar\/sitio\/wp-content\/uploads\/2017\/05\/CapacitacionBaradero2.jpg","jetpack_shortlink":"https:\/\/wp.me\/p6RhLt-4Ii","jetpack_sharing_enabled":true,"_links":{"self":[{"href":"https:\/\/eldiariodesanpedro.com.ar\/sitio\/wp-json\/wp\/v2\/posts\/18122","targetHints":{"allow":["GET"]}}],"collection":[{"href":"https:\/\/eldiariodesanpedro.com.ar\/sitio\/wp-json\/wp\/v2\/posts"}],"about":[{"href":"https:\/\/eldiariodesanpedro.com.ar\/sitio\/wp-json\/wp\/v2\/types\/post"}],"author":[{"embeddable":true,"href":"https:\/\/eldiariodesanpedro.com.ar\/sitio\/wp-json\/wp\/v2\/users\/4"}],"replies":[{"embeddable":true,"href":"https:\/\/eldiariodesanpedro.com.ar\/sitio\/wp-json\/wp\/v2\/comments?post=18122"}],"version-history":[{"count":1,"href":"https:\/\/eldiariodesanpedro.com.ar\/sitio\/wp-json\/wp\/v2\/posts\/18122\/revisions"}],"predecessor-version":[{"id":18124,"href":"https:\/\/eldiariodesanpedro.com.ar\/sitio\/wp-json\/wp\/v2\/posts\/18122\/revisions\/18124"}],"wp:featuredmedia":[{"embeddable":true,"href":"https:\/\/eldiariodesanpedro.com.ar\/sitio\/wp-json\/wp\/v2\/media\/18123"}],"wp:attachment":[{"href":"https:\/\/eldiariodesanpedro.com.ar\/sitio\/wp-json\/wp\/v2\/media?parent=18122"}],"wp:term":[{"taxonomy":"category","embeddable":true,"href":"https:\/\/eldiariodesanpedro.com.ar\/sitio\/wp-json\/wp\/v2\/categories?post=18122"},{"taxonomy":"post_tag","embeddable":true,"href":"https:\/\/eldiariodesanpedro.com.ar\/sitio\/wp-json\/wp\/v2\/tags?post=18122"}],"curies":[{"name":"wp","href":"https:\/\/api.w.org\/{rel}","templated":true}]}}