{"id":18117,"date":"2017-05-03T23:45:16","date_gmt":"2017-05-04T02:45:16","guid":{"rendered":"https:\/\/eldiariodesanpedro.com.ar\/sitio\/?p=18117"},"modified":"2017-05-04T00:45:17","modified_gmt":"2017-05-04T03:45:17","slug":"salazar-para-los-que-dijeron-que-este-es-un-gobierno-para-ricos-que-vean-que-estamos-haciendo-lo-que-el-pueblo-nos-dijo-que-hicieramos","status":"publish","type":"post","link":"https:\/\/eldiariodesanpedro.com.ar\/sitio\/salazar-para-los-que-dijeron-que-este-es-un-gobierno-para-ricos-que-vean-que-estamos-haciendo-lo-que-el-pueblo-nos-dijo-que-hicieramos\/","title":{"rendered":"Salazar: \u00abPara los que dijeron que este es un Gobierno para ricos, que vean que estamos haciendo lo que el Pueblo nos dijo que hici\u00e9ramos"},"content":{"rendered":"<p><!-- VideographyWP Plugin Message: Automatic video embedding prevented by plugin options. --><br \/>\nEn la noche de este mi\u00e9rcoles se desarroll\u00f3 la presentaci\u00f3n de la mesa local de Cambiemos con la presencia de los tres principales referentes del partido como oradores: el Sr. Intendente Cecilio Salazar, el Presidente del Honorable Concejo Deliberante y el Concejal por este partido, adem\u00e1s de Titular del ANSES en nuestra ciudad, Sergio Rosa entre otras autoridades, y todo el Gabinete completo.<\/p>\n<p>  Tuvo lugar en la Sede de la Agrupaci\u00f3n Mallorca ubicada en la zona de costanera sobre Av. Espa\u00f1a, donde se acercaron vecinos de nuestra ciudad y vecinos de las localidades aleda\u00f1as.<\/p>\n<p>  Adem\u00e1s de Barbieri y Rosa, acompa\u00f1aron al Intendente en la mesa Lucas Logaldo, Director de Relaciones Institucionales, Comunicaci\u00f3n y Pol\u00edtica de Vialidad Nacional en representaci\u00f3n del ausente Javier Iguacel; el Intendente de Rojas Claudio Rossi; Pablo Ansaloni, Presidente del Concejo Deliberante de Baradero y por \u00faltimo, Mart\u00edn C\u00e1rdenas representando a la Senadora Provincial de la Coalici\u00f3n C\u00edvica Elisa Carca.<\/p>\n<p>  El principal orador de la noche fue el Intendente de nuestra ciudad quien declaro: \u00abEn cada barrio que recorro noto el acompa\u00f1amiento de la gente, lo que me causa una gran emoci\u00f3n. Yo dialogo con ellos como siempre lo hice, porque es algo que cualquier funcionario o intendente nunca debe dejar de hacer. Y esto no es de ahora, desde hace muchos a\u00f1os que trabajo por San Pedro, aunque no estaba en la ciudad. Cuando estuvimos en campa\u00f1a expusimos una frase: \u201cNosotros no tenemos que decir que volvemos porque nunca nos fuimos\u201d, a pesar que f\u00edsicamente no est\u00e1bamos, para m\u00ed San Pedro es lo m\u00e1s importante, adem\u00e1s de mis hijos. Lo m\u00e1s importante para un ciudadano debe ser su localidad, sus hijos y su familia\u00bb.<\/p>\n<p>  Asimismo, Salazar no dud\u00f3 en agradecer a todo su equipo de trabajo que se encontraba presente: \u00abAgradezco a mi gran equipo de trabajo y cuando hablo de gran equipo me refiero a todos los funcionarios, a los concejales, a los consejeros escolares, que entre todos ellos se encargan de traer las ideas, los proyectos y las necesidades para que yo simplemente tenga que tratar de concretarlos. Pero las ideas y el trabajo son de todos ellos, y de esta manera tienen la gran responsabilidad de ayudarme a dirigir a esta ciudad\u00bb.<\/p>\n<p>  Y para terminar agrego: \u00abPara los que dijeron que este es un Gobierno para ricos, que vean que es mentira porque estamos haciendo lo que el Pueblo nos dijo que hici\u00e9ramos, trabajar para todos, no estamos trabajando para unos pocos. Y vamos a seguir generando proyectos para mejorar nuestra ciudad, estoy convencido que lo vamos a lograr.<br \/>\n  Para terminar, les quiero decir que las pr\u00f3ximas elecciones se plebiscita este Gobierno, el local, el Provincial y el Nacional; y all\u00ed la gente nos van a decir si est\u00e1 de acuerdo con lo que estamos haciendo, si somos nosotros los que tenemos que continuar con esta gran obra o, si tenemos que volver al pasado, al pasado nefasto reciente. Porque fue nefasto para San Pedro, nefasto para la Provincia y nefasto para la Naci\u00f3n. Porque dejaron el Hospital, la educaci\u00f3n, las rutas y calles abandonados. Lo mismo hicieron en la Provincia y a nivel nacional y, hoy se r\u00eden contando los miles de millones de d\u00f3lares que se robaron, que nos robaron a todos nosotros. Y hoy, nos vienen a decir que este es un Gobierno de ricos cuando ellos fueron los que le robaron la ilusi\u00f3n a la gente, y somos nosotros quienes vamos a revertir esa situaci\u00f3n porque tenemos un gran equipo de trabajo, tanto local como provincial y nacional. De la mano de Mar\u00eda Eugenia y de Mauricio vamos a reconstruir a esta ciudad\u00bb.<\/p>\n<p><a href=\"https:\/\/m.facebook.com\/story.php?story_fbid=609917335884076&#038;id=419365371605941\">https:\/\/m.facebook.com\/story.php?story_fbid=609917335884076&#038;id=419365371605941<\/a><\/p>\n","protected":false},"excerpt":{"rendered":"<p>En la noche de este mi\u00e9rcoles se desarroll\u00f3 la presentaci\u00f3n de la mesa local de Cambiemos con la presencia de los tres principales referentes del partido como oradores: el Sr. Intendente Cecilio Salazar, el Presidente del Honorable Concejo Deliberante y el Concejal por este partido, adem\u00e1s de Titular del ANSES en nuestra ciudad, Sergio Rosa [&hellip;]<\/p>\n","protected":false},"author":4,"featured_media":18118,"comment_status":"open","ping_status":"closed","sticky":false,"template":"","format":"standard","meta":{"om_disable_all_campaigns":false,"_jetpack_memberships_contains_paid_content":false,"footnotes":""},"categories":[50,2,102],"tags":[],"class_list":["post-18117","post","type-post","status-publish","format-standard","has-post-thumbnail","hentry","category-destacadas","category-locales","category-politica-locales"],"aioseo_notices":[],"gutentor_comment":0,"jetpack_featured_media_url":"https:\/\/eldiariodesanpedro.com.ar\/sitio\/wp-content\/uploads\/2017\/05\/0-e1493865899527.jpg","jetpack_shortlink":"https:\/\/wp.me\/p6RhLt-4Id","jetpack_sharing_enabled":true,"_links":{"self":[{"href":"https:\/\/eldiariodesanpedro.com.ar\/sitio\/wp-json\/wp\/v2\/posts\/18117","targetHints":{"allow":["GET"]}}],"collection":[{"href":"https:\/\/eldiariodesanpedro.com.ar\/sitio\/wp-json\/wp\/v2\/posts"}],"about":[{"href":"https:\/\/eldiariodesanpedro.com.ar\/sitio\/wp-json\/wp\/v2\/types\/post"}],"author":[{"embeddable":true,"href":"https:\/\/eldiariodesanpedro.com.ar\/sitio\/wp-json\/wp\/v2\/users\/4"}],"replies":[{"embeddable":true,"href":"https:\/\/eldiariodesanpedro.com.ar\/sitio\/wp-json\/wp\/v2\/comments?post=18117"}],"version-history":[{"count":2,"href":"https:\/\/eldiariodesanpedro.com.ar\/sitio\/wp-json\/wp\/v2\/posts\/18117\/revisions"}],"predecessor-version":[{"id":18120,"href":"https:\/\/eldiariodesanpedro.com.ar\/sitio\/wp-json\/wp\/v2\/posts\/18117\/revisions\/18120"}],"wp:featuredmedia":[{"embeddable":true,"href":"https:\/\/eldiariodesanpedro.com.ar\/sitio\/wp-json\/wp\/v2\/media\/18118"}],"wp:attachment":[{"href":"https:\/\/eldiariodesanpedro.com.ar\/sitio\/wp-json\/wp\/v2\/media?parent=18117"}],"wp:term":[{"taxonomy":"category","embeddable":true,"href":"https:\/\/eldiariodesanpedro.com.ar\/sitio\/wp-json\/wp\/v2\/categories?post=18117"},{"taxonomy":"post_tag","embeddable":true,"href":"https:\/\/eldiariodesanpedro.com.ar\/sitio\/wp-json\/wp\/v2\/tags?post=18117"}],"curies":[{"name":"wp","href":"https:\/\/api.w.org\/{rel}","templated":true}]}}