{"id":18112,"date":"2017-05-03T20:07:46","date_gmt":"2017-05-03T23:07:46","guid":{"rendered":"https:\/\/eldiariodesanpedro.com.ar\/sitio\/?p=18112"},"modified":"2017-05-03T20:07:46","modified_gmt":"2017-05-03T23:07:46","slug":"operativo-de-documentacion-en-el-cic","status":"publish","type":"post","link":"https:\/\/eldiariodesanpedro.com.ar\/sitio\/operativo-de-documentacion-en-el-cic\/","title":{"rendered":"Operativo de documentaci\u00f3n en el CIC"},"content":{"rendered":"<p><!-- VideographyWP Plugin Message: Automatic video embedding prevented by plugin options. --><br \/>\n  El operativo del RENAPER ser\u00e1 los d\u00edas s\u00e1bado 6, domingo 7 y lunes 8 de 9.00 a 16.00 hs. Se dar\u00e1n 120 turnos diarios por orden de llegada.<\/p>\n<p>  A trav\u00e9s de una conferencia de prensa, fue anunciado por el Intendente Municipal Cecilio Salazar, el Subsecretario de Desarrollo Humano Fernando Negrete y la Coordinadora del Centro de Acceso a Justicia Guadalupe Fraga.<\/p>\n<p>  \u201cQuiero felicitar a Guadalupe Fraga y Fernando Negrete por el trabajo intenso que han estado haciendo todo este \u00faltimo tiempo\u201d, dijo el Intendente Salazar. <\/p>\n<p>  \u201cSe presentar\u00e1 ac\u00e1 gente de Naci\u00f3n, ha sido una gesti\u00f3n que ha hecho Guadalupe y la idea es documentar a 120 personas como m\u00ednimo por d\u00eda\u201d, sostuvo el Mandatario. <\/p>\n<p>  Por su parte Fraga, explic\u00f3: \u201cVa a haber tres puestos de los cuales uno va a ser exclusivamente del Centro de Acceso a la Justicia con la gente que viene ac\u00e1 al CAJ, al CIC a poder documentarse. Y los otros dos puestos van a ser abiertos al p\u00fablico\u201d. <\/p>\n<p>  \u201cLa idea es llegar a aquellos sectores m\u00e1s vulnerables de la sociedad para que los ciudadanos que no pueden acceder al DNI, lo puedan hacer de forma gratuita. All\u00ed estaremos nosotros\u201d, asever\u00f3 a su vez. <\/p>\n<p>  Por su parte Negrete, se\u00f1al\u00f3: \u201cHemos encontrado barrios en que hab\u00eda mucha gente que estaba indocumentada\u201d. <\/p>\n","protected":false},"excerpt":{"rendered":"<p>El operativo del RENAPER ser\u00e1 los d\u00edas s\u00e1bado 6, domingo 7 y lunes 8 de 9.00 a 16.00 hs. Se dar\u00e1n 120 turnos diarios por orden de llegada. A trav\u00e9s de una conferencia de prensa, fue anunciado por el Intendente Municipal Cecilio Salazar, el Subsecretario de Desarrollo Humano Fernando Negrete y la Coordinadora del Centro [&hellip;]<\/p>\n","protected":false},"author":4,"featured_media":18115,"comment_status":"open","ping_status":"closed","sticky":false,"template":"","format":"standard","meta":{"om_disable_all_campaigns":false,"_jetpack_memberships_contains_paid_content":false,"footnotes":""},"categories":[101,2],"tags":[],"class_list":["post-18112","post","type-post","status-publish","format-standard","has-post-thumbnail","hentry","category-interes-general-locales","category-locales"],"aioseo_notices":[],"gutentor_comment":0,"jetpack_featured_media_url":"https:\/\/eldiariodesanpedro.com.ar\/sitio\/wp-content\/uploads\/2017\/05\/conferencia-de-prensa-salazar-Operativo-de-documentaci\u00f3n-en-el-CIC.jpg","jetpack_shortlink":"https:\/\/wp.me\/p6RhLt-4I8","jetpack_sharing_enabled":true,"_links":{"self":[{"href":"https:\/\/eldiariodesanpedro.com.ar\/sitio\/wp-json\/wp\/v2\/posts\/18112","targetHints":{"allow":["GET"]}}],"collection":[{"href":"https:\/\/eldiariodesanpedro.com.ar\/sitio\/wp-json\/wp\/v2\/posts"}],"about":[{"href":"https:\/\/eldiariodesanpedro.com.ar\/sitio\/wp-json\/wp\/v2\/types\/post"}],"author":[{"embeddable":true,"href":"https:\/\/eldiariodesanpedro.com.ar\/sitio\/wp-json\/wp\/v2\/users\/4"}],"replies":[{"embeddable":true,"href":"https:\/\/eldiariodesanpedro.com.ar\/sitio\/wp-json\/wp\/v2\/comments?post=18112"}],"version-history":[{"count":1,"href":"https:\/\/eldiariodesanpedro.com.ar\/sitio\/wp-json\/wp\/v2\/posts\/18112\/revisions"}],"predecessor-version":[{"id":18114,"href":"https:\/\/eldiariodesanpedro.com.ar\/sitio\/wp-json\/wp\/v2\/posts\/18112\/revisions\/18114"}],"wp:featuredmedia":[{"embeddable":true,"href":"https:\/\/eldiariodesanpedro.com.ar\/sitio\/wp-json\/wp\/v2\/media\/18115"}],"wp:attachment":[{"href":"https:\/\/eldiariodesanpedro.com.ar\/sitio\/wp-json\/wp\/v2\/media?parent=18112"}],"wp:term":[{"taxonomy":"category","embeddable":true,"href":"https:\/\/eldiariodesanpedro.com.ar\/sitio\/wp-json\/wp\/v2\/categories?post=18112"},{"taxonomy":"post_tag","embeddable":true,"href":"https:\/\/eldiariodesanpedro.com.ar\/sitio\/wp-json\/wp\/v2\/tags?post=18112"}],"curies":[{"name":"wp","href":"https:\/\/api.w.org\/{rel}","templated":true}]}}