{"id":18107,"date":"2017-05-03T19:20:04","date_gmt":"2017-05-03T22:20:04","guid":{"rendered":"https:\/\/eldiariodesanpedro.com.ar\/sitio\/?p=18107"},"modified":"2017-05-03T19:20:04","modified_gmt":"2017-05-03T22:20:04","slug":"se-instalara-same-bonaerense-en-nuestra-ciudad","status":"publish","type":"post","link":"https:\/\/eldiariodesanpedro.com.ar\/sitio\/se-instalara-same-bonaerense-en-nuestra-ciudad\/","title":{"rendered":"Se instalar\u00e1 \u201cSAME bonaerense\u201d en nuestra ciudad"},"content":{"rendered":"<p><!-- VideographyWP Plugin Message: Automatic video embedding prevented by plugin options. --><br \/>\nEstuvieron en nuestra ciudad, el Coordinador Responsable de \u201cSAME Provincia\u201d Gerardo Cutolo y el Coordinador General de \u201cSAME\u201d en la Provincia de Buenos Aires Gabriel S\u00e1nchez Zinny, quien acerc\u00f3 una propuesta para poder poner en funcionamiento el sistema de emergencias. <\/p>\n<p>  Fueron recibidos por el Intendente Salazar y los funcionarios que tienen a cargo la Salud P\u00fablica.<\/p>\n<p>  Para ello, aportar\u00e1n una nueva ambulancia equipada con tecnolog\u00eda de \u00faltima generaci\u00f3n, capacitaciones para m\u00e9dicos, choferes y recepcionistas de emergencias. El convenio est\u00e1 cercano a la firma en las pr\u00f3ximas semanas.<\/p>\n<p>  El SAME Provincia es un sistema de emergencias que toma como modelo el que funciona desde hace a\u00f1os con \u00e9xito en la Ciudad de Buenos Aires; se ocupa de asistir y derivar a las personas que sufren alg\u00fan padecimiento de salud en la v\u00eda p\u00fablica.<\/p>\n<p>  Ya se ha avanzado en 23 municipios del conurbano, mientras se realizan los tr\u00e1mites para que comience a funcionar en ciudades del interior. En ese marco, se distribuyeron 140 ambulancias para una poblaci\u00f3n de poco m\u00e1s de 7 millones de personas y se busca avanzar con el resto de los municipios del conurbano para llegar a los 40.<\/p>\n","protected":false},"excerpt":{"rendered":"<p>Estuvieron en nuestra ciudad, el Coordinador Responsable de \u201cSAME Provincia\u201d Gerardo Cutolo y el Coordinador General de \u201cSAME\u201d en la Provincia de Buenos Aires Gabriel S\u00e1nchez Zinny, quien acerc\u00f3 una propuesta para poder poner en funcionamiento el sistema de emergencias. Fueron recibidos por el Intendente Salazar y los funcionarios que tienen a cargo la Salud [&hellip;]<\/p>\n","protected":false},"author":4,"featured_media":18110,"comment_status":"open","ping_status":"closed","sticky":false,"template":"","format":"standard","meta":{"om_disable_all_campaigns":false,"_jetpack_memberships_contains_paid_content":false,"footnotes":""},"categories":[101,2],"tags":[],"class_list":["post-18107","post","type-post","status-publish","format-standard","has-post-thumbnail","hentry","category-interes-general-locales","category-locales"],"aioseo_notices":[],"gutentor_comment":0,"jetpack_featured_media_url":"https:\/\/eldiariodesanpedro.com.ar\/sitio\/wp-content\/uploads\/2017\/05\/SAME-Bonaerense.jpg","jetpack_shortlink":"https:\/\/wp.me\/p6RhLt-4I3","jetpack_sharing_enabled":true,"_links":{"self":[{"href":"https:\/\/eldiariodesanpedro.com.ar\/sitio\/wp-json\/wp\/v2\/posts\/18107","targetHints":{"allow":["GET"]}}],"collection":[{"href":"https:\/\/eldiariodesanpedro.com.ar\/sitio\/wp-json\/wp\/v2\/posts"}],"about":[{"href":"https:\/\/eldiariodesanpedro.com.ar\/sitio\/wp-json\/wp\/v2\/types\/post"}],"author":[{"embeddable":true,"href":"https:\/\/eldiariodesanpedro.com.ar\/sitio\/wp-json\/wp\/v2\/users\/4"}],"replies":[{"embeddable":true,"href":"https:\/\/eldiariodesanpedro.com.ar\/sitio\/wp-json\/wp\/v2\/comments?post=18107"}],"version-history":[{"count":1,"href":"https:\/\/eldiariodesanpedro.com.ar\/sitio\/wp-json\/wp\/v2\/posts\/18107\/revisions"}],"predecessor-version":[{"id":18111,"href":"https:\/\/eldiariodesanpedro.com.ar\/sitio\/wp-json\/wp\/v2\/posts\/18107\/revisions\/18111"}],"wp:featuredmedia":[{"embeddable":true,"href":"https:\/\/eldiariodesanpedro.com.ar\/sitio\/wp-json\/wp\/v2\/media\/18110"}],"wp:attachment":[{"href":"https:\/\/eldiariodesanpedro.com.ar\/sitio\/wp-json\/wp\/v2\/media?parent=18107"}],"wp:term":[{"taxonomy":"category","embeddable":true,"href":"https:\/\/eldiariodesanpedro.com.ar\/sitio\/wp-json\/wp\/v2\/categories?post=18107"},{"taxonomy":"post_tag","embeddable":true,"href":"https:\/\/eldiariodesanpedro.com.ar\/sitio\/wp-json\/wp\/v2\/tags?post=18107"}],"curies":[{"name":"wp","href":"https:\/\/api.w.org\/{rel}","templated":true}]}}