{"id":18105,"date":"2017-05-03T19:08:12","date_gmt":"2017-05-03T22:08:12","guid":{"rendered":"https:\/\/eldiariodesanpedro.com.ar\/sitio\/?p=18105"},"modified":"2017-05-03T19:08:12","modified_gmt":"2017-05-03T22:08:12","slug":"salgado-renuncio-a-la-direccion-del-hospital","status":"publish","type":"post","link":"https:\/\/eldiariodesanpedro.com.ar\/sitio\/salgado-renuncio-a-la-direccion-del-hospital\/","title":{"rendered":"Salgado renunci\u00f3 a la Direcci\u00f3n del Hospital"},"content":{"rendered":"<p><!-- VideographyWP Plugin Message: Automatic video embedding prevented by plugin options. --><br \/>\n  La dimisi\u00f3n al cargo est\u00e1 relacionada a contingencias personales y laborales, sin embargo, hay quienes sostienen que la decisi\u00f3n del actual Director del Hospital habr\u00eda obedecido y un fuerte discusi\u00f3n con el Director de la Guardia el Dr. Jos\u00e9 Herbas. Oficialmente el altercado fue el resultado del desgaste provocado por las \u201cexigencias del d\u00eda a d\u00eda de la administraci\u00f3n del Hospital\u201d.<\/p>\n<p>  Versiones indican que la trifulca habr\u00eda decantado luego que Herbas quitar\u00e1 un cartel (que hab\u00eda sido puesto en distintas secciones del Hospital por orden del Intendente) de la Guardia General. Esto lleg\u00f3 a o\u00eddos de Salgado y luego se produjo el fuerte debate entre ambos y hay quienes dicen que se habr\u00edan \u201cido a las manos\u201d.<\/p>\n<p>  Ya p\u00fablicamente hace un tiempo, hab\u00eda trascendido su decisi\u00f3n de dejar el cargo. Hace aproximadamente un mes atr\u00e1s se dio una charla entre el Intendente Municipal y Salgado, donde le manifest\u00f3 su decisi\u00f3n de dar un paso al costado, decisi\u00f3n que estar\u00eda ligada a cuestiones econ\u00f3micas. Es que el sueldo por el puesto de director, que requiere dedicaci\u00f3n exclusiva y no le permite realizar otras tareas, es mucho menor al que podr\u00eda percibir trabajando tanto en la salud p\u00fablica como privada.<\/p>\n<p>  A partir de all\u00ed, surgi\u00f3 la inquietud del Mandatario Comunal y de las autoridades de salud, de buscar un reemplazo, quienes le pidieron a Salgado que contin\u00fae en el puesto hasta encontrar un reemplazante. Sin embargo, toda esta situaci\u00f3n apresur\u00f3 los tiempos de salida del funcionario.<\/p>\n","protected":false},"excerpt":{"rendered":"<p>La dimisi\u00f3n al cargo est\u00e1 relacionada a contingencias personales y laborales, sin embargo, hay quienes sostienen que la decisi\u00f3n del actual Director del Hospital habr\u00eda obedecido y un fuerte discusi\u00f3n con el Director de la Guardia el Dr. Jos\u00e9 Herbas. Oficialmente el altercado fue el resultado del desgaste provocado por las \u201cexigencias del d\u00eda a [&hellip;]<\/p>\n","protected":false},"author":4,"featured_media":9457,"comment_status":"open","ping_status":"closed","sticky":false,"template":"","format":"standard","meta":{"om_disable_all_campaigns":false,"_jetpack_memberships_contains_paid_content":false,"footnotes":""},"categories":[101,2],"tags":[],"class_list":["post-18105","post","type-post","status-publish","format-standard","has-post-thumbnail","hentry","category-interes-general-locales","category-locales"],"aioseo_notices":[],"gutentor_comment":0,"jetpack_featured_media_url":"https:\/\/eldiariodesanpedro.com.ar\/sitio\/wp-content\/uploads\/2016\/10\/HOSPITAL-subzonal-san-pedro.jpg","jetpack_shortlink":"https:\/\/wp.me\/p6RhLt-4I1","jetpack_sharing_enabled":true,"_links":{"self":[{"href":"https:\/\/eldiariodesanpedro.com.ar\/sitio\/wp-json\/wp\/v2\/posts\/18105","targetHints":{"allow":["GET"]}}],"collection":[{"href":"https:\/\/eldiariodesanpedro.com.ar\/sitio\/wp-json\/wp\/v2\/posts"}],"about":[{"href":"https:\/\/eldiariodesanpedro.com.ar\/sitio\/wp-json\/wp\/v2\/types\/post"}],"author":[{"embeddable":true,"href":"https:\/\/eldiariodesanpedro.com.ar\/sitio\/wp-json\/wp\/v2\/users\/4"}],"replies":[{"embeddable":true,"href":"https:\/\/eldiariodesanpedro.com.ar\/sitio\/wp-json\/wp\/v2\/comments?post=18105"}],"version-history":[{"count":1,"href":"https:\/\/eldiariodesanpedro.com.ar\/sitio\/wp-json\/wp\/v2\/posts\/18105\/revisions"}],"predecessor-version":[{"id":18108,"href":"https:\/\/eldiariodesanpedro.com.ar\/sitio\/wp-json\/wp\/v2\/posts\/18105\/revisions\/18108"}],"wp:featuredmedia":[{"embeddable":true,"href":"https:\/\/eldiariodesanpedro.com.ar\/sitio\/wp-json\/wp\/v2\/media\/9457"}],"wp:attachment":[{"href":"https:\/\/eldiariodesanpedro.com.ar\/sitio\/wp-json\/wp\/v2\/media?parent=18105"}],"wp:term":[{"taxonomy":"category","embeddable":true,"href":"https:\/\/eldiariodesanpedro.com.ar\/sitio\/wp-json\/wp\/v2\/categories?post=18105"},{"taxonomy":"post_tag","embeddable":true,"href":"https:\/\/eldiariodesanpedro.com.ar\/sitio\/wp-json\/wp\/v2\/tags?post=18105"}],"curies":[{"name":"wp","href":"https:\/\/api.w.org\/{rel}","templated":true}]}}