{"id":18088,"date":"2017-05-02T20:59:45","date_gmt":"2017-05-02T23:59:45","guid":{"rendered":"https:\/\/eldiariodesanpedro.com.ar\/sitio\/?p=18088"},"modified":"2017-05-02T20:59:45","modified_gmt":"2017-05-02T23:59:45","slug":"semillas-y-plantines-para-viveristas","status":"publish","type":"post","link":"https:\/\/eldiariodesanpedro.com.ar\/sitio\/semillas-y-plantines-para-viveristas\/","title":{"rendered":"Semillas y plantines para viveristas"},"content":{"rendered":"<p><!-- VideographyWP Plugin Message: Automatic video embedding prevented by plugin options. --><br \/>\n  Los interesados en adquirir semillas y plantines de porta-injertos para la conformaci\u00f3n de plantas c\u00edtricas bajo cobertura, deber\u00e1n inscribirse del 2 al 5 de mayo.<\/p>\n<p>  Desde el a\u00f1o 2005 el INTA San Pedro, a trav\u00e9s de su Asociaci\u00f3n Cooperadora, pone a disposici\u00f3n de los viveristas materiales certificados en su sanidad y variedad. <\/p>\n<p>  Durante estos a\u00f1os el INTA entreg\u00f3 tanto yemas como plantines y a partir del a\u00f1o 2016 se comenz\u00f3 a entregar semillas certificadas del porta-injerto m\u00e1s utilizado en la regi\u00f3n. Poncirus trifoliata (Ralf.) selecci\u00f3n Concordia, conocido por los viveristas como citrus o trifolio, es propagado por semillas utiliz\u00e1ndose como porta-injerto de las variedades cultivadas. Para asegurase de no trasmitir enfermedades como la Psorosis, la planta madre debe ser testada en INTA Concordia, mediante una t\u00e9cnica de un a\u00f1o de duraci\u00f3n realizada en el Centro de Introducci\u00f3n y Saneamiento de esa Experimental.<\/p>\n<p>  \u201cLa particularidad de la especie es que sus semillas son clasificadas de corta vida, pierden su viabilidad r\u00e1pidamente, produci\u00e9ndose dificultades para su conservaci\u00f3n en pr\u00e1cticas de vivero. Otra particularidad es que no tolera la deshidrataci\u00f3n. Para alcanzar altos porcentajes de germinaci\u00f3n y pl\u00e1ntulas logradas, se recomienda su siembra en lo inmediato y en sustratos de alta porosidad. De ser necesaria su conservaci\u00f3n, se recomienda hacerlo a temperaturas de 4 a 7\u00b0C y en bolsas de polietileno con ventilaci\u00f3n peri\u00f3dica\u201d, explica Leonardo Garc\u00eda, responsable del Centro de Incremento Regional local.<\/p>\n<p>  Por otra parte, el INTA realiza una etapa intermedia en la producci\u00f3n de plantas de vivero, que es la germinaci\u00f3n y establecimiento de plantines en un sistema de producci\u00f3n en bandejas multi-celda, con sustratos y fertirrigaci\u00f3n. \u201cDe esta manera los viveristas pueden iniciarse en la modalidad de producci\u00f3n de plantas bajo cobertura con plantines, y adelantarse en el ciclo de producci\u00f3n, como as\u00ed tambi\u00e9n conocer la modalidad de producci\u00f3n de plantas en sustratos\u201d, agreg\u00f3.<\/p>\n","protected":false},"excerpt":{"rendered":"<p>Los interesados en adquirir semillas y plantines de porta-injertos para la conformaci\u00f3n de plantas c\u00edtricas bajo cobertura, deber\u00e1n inscribirse del 2 al 5 de mayo. Desde el a\u00f1o 2005 el INTA San Pedro, a trav\u00e9s de su Asociaci\u00f3n Cooperadora, pone a disposici\u00f3n de los viveristas materiales certificados en su sanidad y variedad. Durante estos a\u00f1os [&hellip;]<\/p>\n","protected":false},"author":4,"featured_media":18089,"comment_status":"open","ping_status":"closed","sticky":false,"template":"","format":"standard","meta":{"om_disable_all_campaigns":false,"_jetpack_memberships_contains_paid_content":false,"footnotes":""},"categories":[101,2],"tags":[],"class_list":["post-18088","post","type-post","status-publish","format-standard","has-post-thumbnail","hentry","category-interes-general-locales","category-locales"],"aioseo_notices":[],"gutentor_comment":0,"jetpack_featured_media_url":"https:\/\/eldiariodesanpedro.com.ar\/sitio\/wp-content\/uploads\/2017\/05\/Plantas-c\u00edtricas-bajo-cobertura-.jpg","jetpack_shortlink":"https:\/\/wp.me\/p6RhLt-4HK","jetpack_sharing_enabled":true,"_links":{"self":[{"href":"https:\/\/eldiariodesanpedro.com.ar\/sitio\/wp-json\/wp\/v2\/posts\/18088","targetHints":{"allow":["GET"]}}],"collection":[{"href":"https:\/\/eldiariodesanpedro.com.ar\/sitio\/wp-json\/wp\/v2\/posts"}],"about":[{"href":"https:\/\/eldiariodesanpedro.com.ar\/sitio\/wp-json\/wp\/v2\/types\/post"}],"author":[{"embeddable":true,"href":"https:\/\/eldiariodesanpedro.com.ar\/sitio\/wp-json\/wp\/v2\/users\/4"}],"replies":[{"embeddable":true,"href":"https:\/\/eldiariodesanpedro.com.ar\/sitio\/wp-json\/wp\/v2\/comments?post=18088"}],"version-history":[{"count":1,"href":"https:\/\/eldiariodesanpedro.com.ar\/sitio\/wp-json\/wp\/v2\/posts\/18088\/revisions"}],"predecessor-version":[{"id":18091,"href":"https:\/\/eldiariodesanpedro.com.ar\/sitio\/wp-json\/wp\/v2\/posts\/18088\/revisions\/18091"}],"wp:featuredmedia":[{"embeddable":true,"href":"https:\/\/eldiariodesanpedro.com.ar\/sitio\/wp-json\/wp\/v2\/media\/18089"}],"wp:attachment":[{"href":"https:\/\/eldiariodesanpedro.com.ar\/sitio\/wp-json\/wp\/v2\/media?parent=18088"}],"wp:term":[{"taxonomy":"category","embeddable":true,"href":"https:\/\/eldiariodesanpedro.com.ar\/sitio\/wp-json\/wp\/v2\/categories?post=18088"},{"taxonomy":"post_tag","embeddable":true,"href":"https:\/\/eldiariodesanpedro.com.ar\/sitio\/wp-json\/wp\/v2\/tags?post=18088"}],"curies":[{"name":"wp","href":"https:\/\/api.w.org\/{rel}","templated":true}]}}