{"id":18078,"date":"2017-05-02T18:42:35","date_gmt":"2017-05-02T21:42:35","guid":{"rendered":"https:\/\/eldiariodesanpedro.com.ar\/sitio\/?p=18078"},"modified":"2017-05-02T18:42:35","modified_gmt":"2017-05-02T21:42:35","slug":"junto-al-ex-intendente-carossi-scioli-comerio-y-berni-en-acto-del-dia-del-trabajador-en-baradero","status":"publish","type":"post","link":"https:\/\/eldiariodesanpedro.com.ar\/sitio\/junto-al-ex-intendente-carossi-scioli-comerio-y-berni-en-acto-del-dia-del-trabajador-en-baradero\/","title":{"rendered":"JUNTO AL EX INTENDENTE CAROSSI: Scioli, Comerio y Berni en acto del d\u00eda del trabajador en Baradero"},"content":{"rendered":"<p><!-- VideographyWP Plugin Message: Automatic video embedding prevented by plugin options. --><br \/>\nComo era de esperarse ante la crisis laboral que vive la ciudad, los gremios hicieron sentir sus voces contra el gobierno de Mauricio Macri, Mar\u00eda Eugenia Vidal y Fernanda Antonijevic. Algunos de los oradores se refirieron al plan econ\u00f3mico que beneficia a los empresarios, otros a la inacci\u00f3n de los gobernantes y tambien hubo quienes trataron de traidores a todos los funcionarios del macrismo por haber enga\u00f1ando al pueblo y en especial a los trabajadores.<\/p>\n<p>Inesperadamente para muchos de los que asistieron al acto, sobre el escenario colocado en la puerta de acceso a Ingredion donde se ubicaron los representantes gremiales, apareci\u00f3 la figura de Sergio Berni, actual senador provincial y ex Secretario de Seguridad de la Naci\u00f3n, junto al Ex Gobernador y Candidato a Presidente de la Naci\u00f3n, Daniel Scioli, quienes estaban acompa\u00f1ados de Marcos Di Palma y el Ex Intendente Aldo Carossi ,entre otros.<\/p>\n<p>Los ex funcionarios, fueron presentados por Carlos Touzet, Secretario General del SOERM quien agradeci\u00f3 las gestiones realizadas por ambos en situaciones coyunturales que se generaron en Ingredion y siempre estuvieron dispuestos y colaboraron en solucionarlos.<\/p>\n<p>Tanto Scioli como Berni hicieron uso de la palabra y si bien durante el resto del acto se critic\u00f3 duramente la gesti\u00f3n macrista priorizando la situaci\u00f3n laboral,  los altos dirigentes del Frente Para la Victoria, hicieron referencia a la crisis laboral local pero centraron el discurso en mostrarse como alternativa a este modelo en las pr\u00f3ximas elecciones, en cierta forma el lanzamiento de campa\u00f1a.<\/p>\n<p>Sergio Berni, entre otras cosas, expres\u00f3: \u201cHoy es un d\u00eda de sentimientos muy encontrados, no es justo, hoy tendr\u00edamos que estar festejando, tendr\u00edamos que estar honrando a todos aquellos m\u00e1rtires que lucharon toda su vida para conquistar nuevos y m\u00e1s derechos laborales, pero sin embargo, parece mentira, no puedo creer que un primero de mayo estemos con Daniel y los compa\u00f1eros en la puerta de una fabrica que despide gente, que quiere llevar a cada una de esas familias a ese abismo que ya conocimos. \u00bfQui\u00e9n de nosotros no pas\u00f3 por ese abismo?, un abismo que conocemos y no queremos volver nunca m\u00e1s, un abismo que ensombreci\u00f3 la historia de nuestra patria, que nos quit\u00f3 la dignidad.<\/p>\n<p>Luego lleg\u00f3 el turno de Daniel Scioli, quien con t\u00e9rminos muy duros carg\u00f3 sobre Macri ; \u201cVengo a solidarizarme con la uni\u00f3n de sindicatos de Baradero y a trav\u00e9s de ellos con ustedes los trabajadores, en un d\u00eda donde no se puede decir feliz d\u00eda porque hay un sabor amargo, hay tristeza, desesperanza, hay bronca. Pero hoy nuestra responsabilidad es trabajar juntos para frenar esta segunda etapa del ajuste que busca el gobierno para profundizar su programa econ\u00f3mico y que el salario siga siendo la variable para seguir avanzando sobre esos derechos y lo que es un pilar fundamental del funcionamiento de la sociedad desde el punto de vista econ\u00f3mico y social, el trabajo como gran ordenador.<\/p>\n<p>\u00abEste cambio que es un verdadero retroceso, una marcha atr\u00e1s, no veo mucha gente contenta con el cambio, solo algunos pocos que se han beneficiado con esta transferencia de recursos fenomenal que genera inclusive la situaci\u00f3n cr\u00f3nica que una planta con un recurso natural como el ma\u00edz tengamos que estar hoy padeciendo esta situaci\u00f3n donde las empresas para que le cierren los n\u00fameros dicen esta caro, queremos negociar, recortar, suspender y esto sucede tambien en Atanor y otros tantos sectores. El camino era la agenda del desarrollo no la agenda del ajuste\u00bb, sostuvo a su vez. (Baradero Te Informa)<\/p>\n","protected":false},"excerpt":{"rendered":"<p>Como era de esperarse ante la crisis laboral que vive la ciudad, los gremios hicieron sentir sus voces contra el gobierno de Mauricio Macri, Mar\u00eda Eugenia Vidal y Fernanda Antonijevic. Algunos de los oradores se refirieron al plan econ\u00f3mico que beneficia a los empresarios, otros a la inacci\u00f3n de los gobernantes y tambien hubo quienes [&hellip;]<\/p>\n","protected":false},"author":4,"featured_media":18080,"comment_status":"open","ping_status":"closed","sticky":false,"template":"","format":"standard","meta":{"om_disable_all_campaigns":false,"_jetpack_memberships_contains_paid_content":false,"footnotes":""},"categories":[621],"tags":[],"class_list":["post-18078","post","type-post","status-publish","format-standard","has-post-thumbnail","hentry","category-regionales"],"aioseo_notices":[],"gutentor_comment":0,"jetpack_featured_media_url":"https:\/\/eldiariodesanpedro.com.ar\/sitio\/wp-content\/uploads\/2017\/05\/Scioli-Comerio-y-Berni.jpg","jetpack_shortlink":"https:\/\/wp.me\/p6RhLt-4HA","jetpack_sharing_enabled":true,"_links":{"self":[{"href":"https:\/\/eldiariodesanpedro.com.ar\/sitio\/wp-json\/wp\/v2\/posts\/18078","targetHints":{"allow":["GET"]}}],"collection":[{"href":"https:\/\/eldiariodesanpedro.com.ar\/sitio\/wp-json\/wp\/v2\/posts"}],"about":[{"href":"https:\/\/eldiariodesanpedro.com.ar\/sitio\/wp-json\/wp\/v2\/types\/post"}],"author":[{"embeddable":true,"href":"https:\/\/eldiariodesanpedro.com.ar\/sitio\/wp-json\/wp\/v2\/users\/4"}],"replies":[{"embeddable":true,"href":"https:\/\/eldiariodesanpedro.com.ar\/sitio\/wp-json\/wp\/v2\/comments?post=18078"}],"version-history":[{"count":1,"href":"https:\/\/eldiariodesanpedro.com.ar\/sitio\/wp-json\/wp\/v2\/posts\/18078\/revisions"}],"predecessor-version":[{"id":18081,"href":"https:\/\/eldiariodesanpedro.com.ar\/sitio\/wp-json\/wp\/v2\/posts\/18078\/revisions\/18081"}],"wp:featuredmedia":[{"embeddable":true,"href":"https:\/\/eldiariodesanpedro.com.ar\/sitio\/wp-json\/wp\/v2\/media\/18080"}],"wp:attachment":[{"href":"https:\/\/eldiariodesanpedro.com.ar\/sitio\/wp-json\/wp\/v2\/media?parent=18078"}],"wp:term":[{"taxonomy":"category","embeddable":true,"href":"https:\/\/eldiariodesanpedro.com.ar\/sitio\/wp-json\/wp\/v2\/categories?post=18078"},{"taxonomy":"post_tag","embeddable":true,"href":"https:\/\/eldiariodesanpedro.com.ar\/sitio\/wp-json\/wp\/v2\/tags?post=18078"}],"curies":[{"name":"wp","href":"https:\/\/api.w.org\/{rel}","templated":true}]}}