{"id":18076,"date":"2017-05-02T18:40:44","date_gmt":"2017-05-02T21:40:44","guid":{"rendered":"https:\/\/eldiariodesanpedro.com.ar\/sitio\/?p=18076"},"modified":"2017-05-02T18:40:44","modified_gmt":"2017-05-02T21:40:44","slug":"en-el-km-198-de-la-ruta-9-hubo-un-muerto-en-accidente-multiple-ocurrido-en-ramallo","status":"publish","type":"post","link":"https:\/\/eldiariodesanpedro.com.ar\/sitio\/en-el-km-198-de-la-ruta-9-hubo-un-muerto-en-accidente-multiple-ocurrido-en-ramallo\/","title":{"rendered":"EN EL KM. 198 DE LA RUTA 9: Hubo un muerto en accidente m\u00faltiple ocurrido en Ramallo"},"content":{"rendered":"<p><!-- VideographyWP Plugin Message: Automatic video embedding prevented by plugin options. --><br \/>\nEl lunes por la noche, en la Autopista a la altura de Ramallo, kil\u00f3metro 198, se produjo un accidente m\u00faltiple en el que falleci\u00f3 una persona y hubo varios heridos. Ocurri\u00f3 a las 21.30 aproximadamente en el carril Buenos Aires-Rosario.<\/p>\n<p>Seg\u00fan el informe policial, un cami\u00f3n Mercedes Benz perdi\u00f3 parte de la carga de soja que transportaba y se esparci\u00f3 sobre la cinta asf\u00e1ltica, tornandola resbaladiza, ocasionando el despiste de siete autom\u00f3viles que circulaban en la misma direcci\u00f3n, en uno de los cuales una persona recibi\u00f3 graves heridas y falleci\u00f3 cuando era rescatada. Los lesionados fueron trasladados al hospital local.<\/p>\n<p>Cerca de la medianoche se desarrollaban las tareas de la Polic\u00eda Cient\u00edfica bajo la supervisi\u00f3n de la ayudante fiscal Dra. Del Forno. Mientras tanto se normalizaba el tr\u00e1nsito, aunque muy lentamente, con ayuda y gu\u00eda de personal policial. (Diario El Norte)<\/p>\n","protected":false},"excerpt":{"rendered":"<p>El lunes por la noche, en la Autopista a la altura de Ramallo, kil\u00f3metro 198, se produjo un accidente m\u00faltiple en el que falleci\u00f3 una persona y hubo varios heridos. Ocurri\u00f3 a las 21.30 aproximadamente en el carril Buenos Aires-Rosario. Seg\u00fan el informe policial, un cami\u00f3n Mercedes Benz perdi\u00f3 parte de la carga de soja [&hellip;]<\/p>\n","protected":false},"author":4,"featured_media":18077,"comment_status":"open","ping_status":"closed","sticky":false,"template":"","format":"standard","meta":{"om_disable_all_campaigns":false,"_jetpack_memberships_contains_paid_content":false,"footnotes":""},"categories":[621],"tags":[],"class_list":["post-18076","post","type-post","status-publish","format-standard","has-post-thumbnail","hentry","category-regionales"],"aioseo_notices":[],"gutentor_comment":0,"jetpack_featured_media_url":"https:\/\/eldiariodesanpedro.com.ar\/sitio\/wp-content\/uploads\/2017\/05\/Uno-de-los-veh\u00edculos-siniestrados-en-el-km.-198.jpg","jetpack_shortlink":"https:\/\/wp.me\/p6RhLt-4Hy","jetpack_sharing_enabled":true,"_links":{"self":[{"href":"https:\/\/eldiariodesanpedro.com.ar\/sitio\/wp-json\/wp\/v2\/posts\/18076","targetHints":{"allow":["GET"]}}],"collection":[{"href":"https:\/\/eldiariodesanpedro.com.ar\/sitio\/wp-json\/wp\/v2\/posts"}],"about":[{"href":"https:\/\/eldiariodesanpedro.com.ar\/sitio\/wp-json\/wp\/v2\/types\/post"}],"author":[{"embeddable":true,"href":"https:\/\/eldiariodesanpedro.com.ar\/sitio\/wp-json\/wp\/v2\/users\/4"}],"replies":[{"embeddable":true,"href":"https:\/\/eldiariodesanpedro.com.ar\/sitio\/wp-json\/wp\/v2\/comments?post=18076"}],"version-history":[{"count":1,"href":"https:\/\/eldiariodesanpedro.com.ar\/sitio\/wp-json\/wp\/v2\/posts\/18076\/revisions"}],"predecessor-version":[{"id":18079,"href":"https:\/\/eldiariodesanpedro.com.ar\/sitio\/wp-json\/wp\/v2\/posts\/18076\/revisions\/18079"}],"wp:featuredmedia":[{"embeddable":true,"href":"https:\/\/eldiariodesanpedro.com.ar\/sitio\/wp-json\/wp\/v2\/media\/18077"}],"wp:attachment":[{"href":"https:\/\/eldiariodesanpedro.com.ar\/sitio\/wp-json\/wp\/v2\/media?parent=18076"}],"wp:term":[{"taxonomy":"category","embeddable":true,"href":"https:\/\/eldiariodesanpedro.com.ar\/sitio\/wp-json\/wp\/v2\/categories?post=18076"},{"taxonomy":"post_tag","embeddable":true,"href":"https:\/\/eldiariodesanpedro.com.ar\/sitio\/wp-json\/wp\/v2\/tags?post=18076"}],"curies":[{"name":"wp","href":"https:\/\/api.w.org\/{rel}","templated":true}]}}