{"id":18070,"date":"2017-05-02T18:36:34","date_gmt":"2017-05-02T21:36:34","guid":{"rendered":"https:\/\/eldiariodesanpedro.com.ar\/sitio\/?p=18070"},"modified":"2017-05-02T18:36:34","modified_gmt":"2017-05-02T21:36:34","slug":"desconocidos-ingresaron-a-la-escuela-normal-y-causaron-destrozos","status":"publish","type":"post","link":"https:\/\/eldiariodesanpedro.com.ar\/sitio\/desconocidos-ingresaron-a-la-escuela-normal-y-causaron-destrozos\/","title":{"rendered":"Desconocidos ingresaron a la Escuela Normal y causaron destrozos"},"content":{"rendered":"<p><!-- VideographyWP Plugin Message: Automatic video embedding prevented by plugin options. --><br \/>\nDurante el fin de semana pasado, desconocidos ingresaron al edificio del establecimiento educativo. Docentes notaron de lo sucedido al llegar al lugar en la ma\u00f1ana de este martes.<\/p>\n<p>Personal de Polic\u00eda Cient\u00edfica realiz\u00f3 los peritajes en el lugar, se creen que podr\u00edan haber ingresado tras forzar una ventana de la instituci\u00f3n.<\/p>\n<p>Seg\u00fan se pudo constatar estuvieron en el kiosco que se encuentra en uno de los patios cubiertos y en la sala de m\u00fasica del jard\u00edn. Hasta el momento no se pudo constatar el faltante de ning\u00fan elemento aunque s\u00ed destrozos.<\/p>\n","protected":false},"excerpt":{"rendered":"<p>Durante el fin de semana pasado, desconocidos ingresaron al edificio del establecimiento educativo. Docentes notaron de lo sucedido al llegar al lugar en la ma\u00f1ana de este martes. Personal de Polic\u00eda Cient\u00edfica realiz\u00f3 los peritajes en el lugar, se creen que podr\u00edan haber ingresado tras forzar una ventana de la instituci\u00f3n. Seg\u00fan se pudo constatar [&hellip;]<\/p>\n","protected":false},"author":4,"featured_media":5089,"comment_status":"open","ping_status":"closed","sticky":false,"template":"","format":"standard","meta":{"om_disable_all_campaigns":false,"_jetpack_memberships_contains_paid_content":false,"footnotes":""},"categories":[2,103],"tags":[],"class_list":["post-18070","post","type-post","status-publish","format-standard","has-post-thumbnail","hentry","category-locales","category-policiales-locales"],"aioseo_notices":[],"gutentor_comment":0,"jetpack_featured_media_url":"https:\/\/eldiariodesanpedro.com.ar\/sitio\/wp-content\/uploads\/2016\/06\/policia-cientifica.jpg","jetpack_shortlink":"https:\/\/wp.me\/p6RhLt-4Hs","jetpack_sharing_enabled":true,"_links":{"self":[{"href":"https:\/\/eldiariodesanpedro.com.ar\/sitio\/wp-json\/wp\/v2\/posts\/18070","targetHints":{"allow":["GET"]}}],"collection":[{"href":"https:\/\/eldiariodesanpedro.com.ar\/sitio\/wp-json\/wp\/v2\/posts"}],"about":[{"href":"https:\/\/eldiariodesanpedro.com.ar\/sitio\/wp-json\/wp\/v2\/types\/post"}],"author":[{"embeddable":true,"href":"https:\/\/eldiariodesanpedro.com.ar\/sitio\/wp-json\/wp\/v2\/users\/4"}],"replies":[{"embeddable":true,"href":"https:\/\/eldiariodesanpedro.com.ar\/sitio\/wp-json\/wp\/v2\/comments?post=18070"}],"version-history":[{"count":1,"href":"https:\/\/eldiariodesanpedro.com.ar\/sitio\/wp-json\/wp\/v2\/posts\/18070\/revisions"}],"predecessor-version":[{"id":18075,"href":"https:\/\/eldiariodesanpedro.com.ar\/sitio\/wp-json\/wp\/v2\/posts\/18070\/revisions\/18075"}],"wp:featuredmedia":[{"embeddable":true,"href":"https:\/\/eldiariodesanpedro.com.ar\/sitio\/wp-json\/wp\/v2\/media\/5089"}],"wp:attachment":[{"href":"https:\/\/eldiariodesanpedro.com.ar\/sitio\/wp-json\/wp\/v2\/media?parent=18070"}],"wp:term":[{"taxonomy":"category","embeddable":true,"href":"https:\/\/eldiariodesanpedro.com.ar\/sitio\/wp-json\/wp\/v2\/categories?post=18070"},{"taxonomy":"post_tag","embeddable":true,"href":"https:\/\/eldiariodesanpedro.com.ar\/sitio\/wp-json\/wp\/v2\/tags?post=18070"}],"curies":[{"name":"wp","href":"https:\/\/api.w.org\/{rel}","templated":true}]}}