{"id":18067,"date":"2017-05-02T18:31:43","date_gmt":"2017-05-02T21:31:43","guid":{"rendered":"https:\/\/eldiariodesanpedro.com.ar\/sitio\/?p=18067"},"modified":"2017-05-02T18:31:43","modified_gmt":"2017-05-02T21:31:43","slug":"dos-delincuentes-fueron-detenidos-cuando-intentaban-robar-una-moto","status":"publish","type":"post","link":"https:\/\/eldiariodesanpedro.com.ar\/sitio\/dos-delincuentes-fueron-detenidos-cuando-intentaban-robar-una-moto\/","title":{"rendered":"Dos delincuentes fueron detenidos cuando intentaban robar una moto"},"content":{"rendered":"<p><!-- VideographyWP Plugin Message: Automatic video embedding prevented by plugin options. --><br \/>\nCerca de las 06:00 hs. del lunes, en M\u00e1ximo Mill\u00e1n y Uruguay, personal policial logr\u00f3 aprehender a dos j\u00f3venes de 17 y 18 a\u00f1os de edad, quienes instantes antes trataban de sustraer moto estacionada a pocos metros del lugar donde fueron capturados<br \/>\nLos malvivientes hab\u00edan logrado cortar el candado con una pinza, la cual fue secuestrada en su poder.<\/p>\n<p>En tanto que los detenidos quedaron a disposici\u00f3n de la UFI del joven San Nicol\u00e1s, que caratul\u00f3 la causa como Tentativa de Robo.<\/p>\n","protected":false},"excerpt":{"rendered":"<p>Cerca de las 06:00 hs. del lunes, en M\u00e1ximo Mill\u00e1n y Uruguay, personal policial logr\u00f3 aprehender a dos j\u00f3venes de 17 y 18 a\u00f1os de edad, quienes instantes antes trataban de sustraer moto estacionada a pocos metros del lugar donde fueron capturados Los malvivientes hab\u00edan logrado cortar el candado con una pinza, la cual fue [&hellip;]<\/p>\n","protected":false},"author":4,"featured_media":7819,"comment_status":"open","ping_status":"closed","sticky":false,"template":"","format":"standard","meta":{"om_disable_all_campaigns":false,"_jetpack_memberships_contains_paid_content":false,"footnotes":""},"categories":[2,103],"tags":[],"class_list":["post-18067","post","type-post","status-publish","format-standard","has-post-thumbnail","hentry","category-locales","category-policiales-locales"],"aioseo_notices":[],"gutentor_comment":0,"jetpack_featured_media_url":"https:\/\/eldiariodesanpedro.com.ar\/sitio\/wp-content\/uploads\/2016\/09\/detenidos-esposados.jpg","jetpack_shortlink":"https:\/\/wp.me\/p6RhLt-4Hp","jetpack_sharing_enabled":true,"_links":{"self":[{"href":"https:\/\/eldiariodesanpedro.com.ar\/sitio\/wp-json\/wp\/v2\/posts\/18067","targetHints":{"allow":["GET"]}}],"collection":[{"href":"https:\/\/eldiariodesanpedro.com.ar\/sitio\/wp-json\/wp\/v2\/posts"}],"about":[{"href":"https:\/\/eldiariodesanpedro.com.ar\/sitio\/wp-json\/wp\/v2\/types\/post"}],"author":[{"embeddable":true,"href":"https:\/\/eldiariodesanpedro.com.ar\/sitio\/wp-json\/wp\/v2\/users\/4"}],"replies":[{"embeddable":true,"href":"https:\/\/eldiariodesanpedro.com.ar\/sitio\/wp-json\/wp\/v2\/comments?post=18067"}],"version-history":[{"count":1,"href":"https:\/\/eldiariodesanpedro.com.ar\/sitio\/wp-json\/wp\/v2\/posts\/18067\/revisions"}],"predecessor-version":[{"id":18071,"href":"https:\/\/eldiariodesanpedro.com.ar\/sitio\/wp-json\/wp\/v2\/posts\/18067\/revisions\/18071"}],"wp:featuredmedia":[{"embeddable":true,"href":"https:\/\/eldiariodesanpedro.com.ar\/sitio\/wp-json\/wp\/v2\/media\/7819"}],"wp:attachment":[{"href":"https:\/\/eldiariodesanpedro.com.ar\/sitio\/wp-json\/wp\/v2\/media?parent=18067"}],"wp:term":[{"taxonomy":"category","embeddable":true,"href":"https:\/\/eldiariodesanpedro.com.ar\/sitio\/wp-json\/wp\/v2\/categories?post=18067"},{"taxonomy":"post_tag","embeddable":true,"href":"https:\/\/eldiariodesanpedro.com.ar\/sitio\/wp-json\/wp\/v2\/tags?post=18067"}],"curies":[{"name":"wp","href":"https:\/\/api.w.org\/{rel}","templated":true}]}}