{"id":18064,"date":"2017-05-02T18:28:03","date_gmt":"2017-05-02T21:28:03","guid":{"rendered":"https:\/\/eldiariodesanpedro.com.ar\/sitio\/?p=18064"},"modified":"2017-05-02T18:28:03","modified_gmt":"2017-05-02T21:28:03","slug":"un-sujeto-hirio-gravemente-a-otro-con-un-disparon-de-arma-de-fuego","status":"publish","type":"post","link":"https:\/\/eldiariodesanpedro.com.ar\/sitio\/un-sujeto-hirio-gravemente-a-otro-con-un-disparon-de-arma-de-fuego\/","title":{"rendered":"Un sujeto hiri\u00f3 gravemente a otro con un disparon de arma de fuego"},"content":{"rendered":"<p><!-- VideographyWP Plugin Message: Automatic video embedding prevented by plugin options. --><br \/>\nUn hombre de 34 a\u00f1os ingres\u00f3 cerca de las 21.30 hs. del lunes al nosocomio local con graves heridas provocadas por un disparo de arma de fuego.<\/p>\n<p>Seg\u00fan se pudo establecer, la v\u00edctima del hecho reside en M. Sbert al 2200, lugar donde result\u00f3 damnificado por un robo en las \u00faltimas horas.<\/p>\n<p>Aparentemente contaba informaci\u00f3n sobre el posible autor del hecho, al cual fue a recriminarle personalmente el il\u00edcito. Se produjo un fuerte discusi\u00f3n y luego abandon\u00f3 el sitio.<\/p>\n<p>Momento despu\u00e9s, el sujeto acusado de perpetrar el hurto se dirigi\u00f3 junto a su hermano de 14 a\u00f1os y otra persona, a la residencia de la persona con la que hab\u00edan tenido el altercado y le dispar\u00f3 en tres ocasiones, uno de los proyectiles lo hiri\u00f3 de gravedad.<\/p>\n<p>Fue derivado al hospital por una ambulancia del Servicio de Emergencias 107, all\u00ed se determin\u00f3 que las lesiones que sufri\u00f3 son de car\u00e1cter graves. Debi\u00f3 ser intervenido quir\u00fargicamente y se espera su evoluci\u00f3n en las pr\u00f3ximas horas.<\/p>\n<p><strong>Joven con un arma blanca<\/strong><\/p>\n<p>Casi a la misma hora del lunes que ingresaba al nosocomio un hombre herido por un disparo de arma de fuego, tambi\u00e9n debi\u00f3 ser atendido un joven con una lesi\u00f3n producto de un corte con un arma blanca.<\/p>\n<p>A ra\u00edz del testimonio brindado por la v\u00edctima, se pudo identificar a un menor como presunto autor del hecho. A ra\u00edz de ello, se comision\u00f3 un m\u00f3vil al lugar del hecho, en  Las Provincias y Gral Pueyrred\u00f3n, y se logr\u00f3 individualizar al menor de 14 a\u00f1os, el cual fue capturado y luego como indica la ley fue devuelto a su progenitora.<\/p>\n<p>Interviene Ufi del Joven.<\/p>\n","protected":false},"excerpt":{"rendered":"<p>Un hombre de 34 a\u00f1os ingres\u00f3 cerca de las 21.30 hs. del lunes al nosocomio local con graves heridas provocadas por un disparo de arma de fuego. Seg\u00fan se pudo establecer, la v\u00edctima del hecho reside en M. Sbert al 2200, lugar donde result\u00f3 damnificado por un robo en las \u00faltimas horas. Aparentemente contaba informaci\u00f3n [&hellip;]<\/p>\n","protected":false},"author":4,"featured_media":8212,"comment_status":"open","ping_status":"closed","sticky":false,"template":"","format":"standard","meta":{"om_disable_all_campaigns":false,"_jetpack_memberships_contains_paid_content":false,"footnotes":""},"categories":[2,103],"tags":[],"class_list":["post-18064","post","type-post","status-publish","format-standard","has-post-thumbnail","hentry","category-locales","category-policiales-locales"],"aioseo_notices":[],"gutentor_comment":0,"jetpack_featured_media_url":"https:\/\/eldiariodesanpedro.com.ar\/sitio\/wp-content\/uploads\/2016\/09\/arma-de-fuego.jpg","jetpack_shortlink":"https:\/\/wp.me\/p6RhLt-4Hm","jetpack_sharing_enabled":true,"_links":{"self":[{"href":"https:\/\/eldiariodesanpedro.com.ar\/sitio\/wp-json\/wp\/v2\/posts\/18064","targetHints":{"allow":["GET"]}}],"collection":[{"href":"https:\/\/eldiariodesanpedro.com.ar\/sitio\/wp-json\/wp\/v2\/posts"}],"about":[{"href":"https:\/\/eldiariodesanpedro.com.ar\/sitio\/wp-json\/wp\/v2\/types\/post"}],"author":[{"embeddable":true,"href":"https:\/\/eldiariodesanpedro.com.ar\/sitio\/wp-json\/wp\/v2\/users\/4"}],"replies":[{"embeddable":true,"href":"https:\/\/eldiariodesanpedro.com.ar\/sitio\/wp-json\/wp\/v2\/comments?post=18064"}],"version-history":[{"count":1,"href":"https:\/\/eldiariodesanpedro.com.ar\/sitio\/wp-json\/wp\/v2\/posts\/18064\/revisions"}],"predecessor-version":[{"id":18066,"href":"https:\/\/eldiariodesanpedro.com.ar\/sitio\/wp-json\/wp\/v2\/posts\/18064\/revisions\/18066"}],"wp:featuredmedia":[{"embeddable":true,"href":"https:\/\/eldiariodesanpedro.com.ar\/sitio\/wp-json\/wp\/v2\/media\/8212"}],"wp:attachment":[{"href":"https:\/\/eldiariodesanpedro.com.ar\/sitio\/wp-json\/wp\/v2\/media?parent=18064"}],"wp:term":[{"taxonomy":"category","embeddable":true,"href":"https:\/\/eldiariodesanpedro.com.ar\/sitio\/wp-json\/wp\/v2\/categories?post=18064"},{"taxonomy":"post_tag","embeddable":true,"href":"https:\/\/eldiariodesanpedro.com.ar\/sitio\/wp-json\/wp\/v2\/tags?post=18064"}],"curies":[{"name":"wp","href":"https:\/\/api.w.org\/{rel}","templated":true}]}}