{"id":18059,"date":"2017-05-01T19:47:02","date_gmt":"2017-05-01T22:47:02","guid":{"rendered":"https:\/\/eldiariodesanpedro.com.ar\/sitio\/?p=18059"},"modified":"2026-01-24T00:26:23","modified_gmt":"2026-01-24T03:26:23","slug":"optimist-argentina-gano-el-campeonato-por-equipos-con-sampedrinos","status":"publish","type":"post","link":"https:\/\/eldiariodesanpedro.com.ar\/sitio\/optimist-argentina-gano-el-campeonato-por-equipos-con-sampedrinos\/","title":{"rendered":"OPTIMIST: Argentina gan\u00f3 el Campeonato por equipos con sampedrinos"},"content":{"rendered":"<p><!-- VideographyWP Plugin Message: Automatic video embedding prevented by plugin options. --><br \/>\n  Finaliz\u00f3 el Campeonato Sudamericano de Optimist en Encarnaci\u00f3n, Paraguay. Los argentinos tuvieron un papel destacado ganando el Campeonato por equipos con la flota integrada por Federico Moretti. Y, adem\u00e1s, el pa\u00eds consigui\u00f3 el segundo y el cuarto puesto con flotas integradas por Malena Sciarra y Mayl\u00e9n Muscia respectivamente. <\/p>\n<p>  En la clasificaci\u00f3n individual general la campeona fue Florencia Chiarella de Per\u00fa y el mejor argentino fue M\u00e1ximo Videla que finaliz\u00f3 en el segundo puesto. <\/p>\n<p>  Los representantes del Club N\u00e1utico San Pedro tuvieron estos puestos: Malena Sciarra 16\u00b0, Federico Moretti Sans\u00f3 19\u00b0 y Mayl\u00e9n Muscia 25\u00b0.<\/p>\n","protected":false},"excerpt":{"rendered":"<p>Finaliz\u00f3 el Campeonato Sudamericano de Optimist en Encarnaci\u00f3n, Paraguay. Los argentinos tuvieron un papel destacado ganando el Campeonato por equipos con la flota integrada por Federico Moretti. Y, adem\u00e1s, el pa\u00eds consigui\u00f3 el segundo y el cuarto puesto con flotas integradas por Malena Sciarra y Mayl\u00e9n Muscia respectivamente. En la clasificaci\u00f3n individual general la campeona [&hellip;]<\/p>\n","protected":false},"author":4,"featured_media":18060,"comment_status":"open","ping_status":"closed","sticky":false,"template":"","format":"standard","meta":{"om_disable_all_campaigns":false,"_jetpack_memberships_contains_paid_content":false,"footnotes":""},"categories":[5],"tags":[],"class_list":["post-18059","post","type-post","status-publish","format-standard","has-post-thumbnail","hentry","category-deportes"],"aioseo_notices":[],"gutentor_comment":0,"jetpack_featured_media_url":"https:\/\/eldiariodesanpedro.com.ar\/sitio\/wp-content\/uploads\/2017\/05\/Malena-Sciarra-16\u00b0-Federico-Moretti-Sans\u00f3-19\u00b0-y-Mayl\u00e9n-Muscia-25\u00b0.jpg","jetpack_shortlink":"https:\/\/wp.me\/p6RhLt-4Hh","jetpack_sharing_enabled":true,"_links":{"self":[{"href":"https:\/\/eldiariodesanpedro.com.ar\/sitio\/wp-json\/wp\/v2\/posts\/18059","targetHints":{"allow":["GET"]}}],"collection":[{"href":"https:\/\/eldiariodesanpedro.com.ar\/sitio\/wp-json\/wp\/v2\/posts"}],"about":[{"href":"https:\/\/eldiariodesanpedro.com.ar\/sitio\/wp-json\/wp\/v2\/types\/post"}],"author":[{"embeddable":true,"href":"https:\/\/eldiariodesanpedro.com.ar\/sitio\/wp-json\/wp\/v2\/users\/4"}],"replies":[{"embeddable":true,"href":"https:\/\/eldiariodesanpedro.com.ar\/sitio\/wp-json\/wp\/v2\/comments?post=18059"}],"version-history":[{"count":1,"href":"https:\/\/eldiariodesanpedro.com.ar\/sitio\/wp-json\/wp\/v2\/posts\/18059\/revisions"}],"predecessor-version":[{"id":18061,"href":"https:\/\/eldiariodesanpedro.com.ar\/sitio\/wp-json\/wp\/v2\/posts\/18059\/revisions\/18061"}],"wp:featuredmedia":[{"embeddable":true,"href":"https:\/\/eldiariodesanpedro.com.ar\/sitio\/wp-json\/wp\/v2\/media\/18060"}],"wp:attachment":[{"href":"https:\/\/eldiariodesanpedro.com.ar\/sitio\/wp-json\/wp\/v2\/media?parent=18059"}],"wp:term":[{"taxonomy":"category","embeddable":true,"href":"https:\/\/eldiariodesanpedro.com.ar\/sitio\/wp-json\/wp\/v2\/categories?post=18059"},{"taxonomy":"post_tag","embeddable":true,"href":"https:\/\/eldiariodesanpedro.com.ar\/sitio\/wp-json\/wp\/v2\/tags?post=18059"}],"curies":[{"name":"wp","href":"https:\/\/api.w.org\/{rel}","templated":true}]}}