{"id":18052,"date":"2017-05-02T08:00:52","date_gmt":"2017-05-02T11:00:52","guid":{"rendered":"https:\/\/eldiariodesanpedro.com.ar\/sitio\/?p=18052"},"modified":"2017-05-01T19:37:12","modified_gmt":"2017-05-01T22:37:12","slug":"raffaello-camperas-de-diseno-buenos-aires-ya-estan-en-san-pedro-hoy-ultimo-dia","status":"publish","type":"post","link":"https:\/\/eldiariodesanpedro.com.ar\/sitio\/raffaello-camperas-de-diseno-buenos-aires-ya-estan-en-san-pedro-hoy-ultimo-dia\/","title":{"rendered":"Raffaello Camperas de dise\u00f1o Buenos Aires ya est\u00e1n en San Pedro: Hoy \u00faltimo d\u00eda"},"content":{"rendered":"<p><!-- VideographyWP Plugin Message: Automatic video embedding prevented by plugin options. --><br \/>\nRaffaello By Cesar Franco, marca reconocida de Buenos Aires que confecciona hace once a\u00f1os camperas y abrigos de dise\u00f1os exclusivos en cueros, sedas, brocatos y pieles ya est\u00e1 en San Pedro para presentar todo lo nuevo de \u200b\u200b\u200bsu colecci\u00f3n 2017\u200b con venta exclusiva. Hoy martes ser\u00e1 el \u00faltimo para disfrutar de un showroom cargado de dise\u00f1o. La cita ser\u00e1 en Juan B Justo 177 (Pellegrini y Salta), de 15 a 21 hs,  en un ambiente c\u00e1lido, personalizado tal como lo prefieren \u00abellas\u00bb a\u00f1o tras a\u00f1o. La marca propone camperas irrepetible\u200bs\u200b\u200b \u200ben\u200b todos los talles para una mujer real sin l\u00edmites de edad\u200b y precios s\u00faper especiales. La visita es la \u00fanica del a\u00f1o. Si no pudiste visitar ayer, hoy no te lo pierdas.   <\/p>\n<p>Cueros, brocatos, sedas, pieles, se funden en camperas, chaquetas, tapados y abrigos, generando una pieza elegante-cotidiana donde la mujer es protagonista siempre.\u200b \u200bBlanco y negro tipo Chanel, tierras, negro absoluto, pasteles, entre otros ser\u00e1n los colores. Cada prenda de dise\u00f1o es diferente, y el objetivo es que se luzca todo el a\u00f1o para todas las ocasiones y momentos del d\u00eda: para el trabajo, una fiesta, salidas con amigas. <\/p>\n<p>Raffaello By Cesar Franco, como siempre, ofrece camperas de todo tipo para todas las edades, y lo m\u00e1s importante: en todos los talles.\u200b Con\u200b precios s\u00faper especiales por el lanzamiento de sus nuevos modelos\u200b y \u200baniversario n\u00famero 11\u200b. \u200bTambi\u00e9n tendr\u00e1n la posibilidad de abonar con todas las tarjetas hasta doce pagos. Marcelo Allegirini, uno de los due\u00f1os de la marca atender\u00e1 personalmente.   <\/p>\n<p>Con mucho brillo, con capucha, sin capucha, bien cl\u00e1sicos, con mucho dise\u00f1o, con mucha piel, con poca piel, cortos, largos, muy largos. M\u00e1s no vamos a decir sobre la nueva producci\u00f3n que los dise\u00f1adores traen entre manos porque queremos que la aprecien en vivo hoy en su \u00faltimo d\u00eda. <\/p>\n<p>Una buena oportunidad para disfrutar una tarde de dise\u00f1o y moda con amigas: hoy martes 2 mayo, \u00faltimo d\u00eda del a\u00f1o. Juan B Justo 177 (Pellegrini y Salta), de 15 a 21. Venta exclusiva camperas y abrigos de dise\u00f1o.\u200b \u200bEntrada gratuita. \u200b<br \/>\n\u200bwww.raffaellobuenosaires.comhttps:\/\/www.facebook.com\/RaffaelloCamperasDeDisenosExclusivos\/<\/p>\n","protected":false},"excerpt":{"rendered":"<p>Raffaello By Cesar Franco, marca reconocida de Buenos Aires que confecciona hace once a\u00f1os camperas y abrigos de dise\u00f1os exclusivos en cueros, sedas, brocatos y pieles ya est\u00e1 en San Pedro para presentar todo lo nuevo de \u200b\u200b\u200bsu colecci\u00f3n 2017\u200b con venta exclusiva. Hoy martes ser\u00e1 el \u00faltimo para disfrutar de un showroom cargado de [&hellip;]<\/p>\n","protected":false},"author":4,"featured_media":18053,"comment_status":"open","ping_status":"closed","sticky":false,"template":"","format":"standard","meta":{"om_disable_all_campaigns":false,"_jetpack_memberships_contains_paid_content":false,"footnotes":""},"categories":[101,2],"tags":[],"class_list":["post-18052","post","type-post","status-publish","format-standard","has-post-thumbnail","hentry","category-interes-general-locales","category-locales"],"aioseo_notices":[],"gutentor_comment":0,"jetpack_featured_media_url":"https:\/\/eldiariodesanpedro.com.ar\/sitio\/wp-content\/uploads\/2017\/05\/media-para-este-martes.jpg","jetpack_shortlink":"https:\/\/wp.me\/p6RhLt-4Ha","jetpack_sharing_enabled":true,"_links":{"self":[{"href":"https:\/\/eldiariodesanpedro.com.ar\/sitio\/wp-json\/wp\/v2\/posts\/18052","targetHints":{"allow":["GET"]}}],"collection":[{"href":"https:\/\/eldiariodesanpedro.com.ar\/sitio\/wp-json\/wp\/v2\/posts"}],"about":[{"href":"https:\/\/eldiariodesanpedro.com.ar\/sitio\/wp-json\/wp\/v2\/types\/post"}],"author":[{"embeddable":true,"href":"https:\/\/eldiariodesanpedro.com.ar\/sitio\/wp-json\/wp\/v2\/users\/4"}],"replies":[{"embeddable":true,"href":"https:\/\/eldiariodesanpedro.com.ar\/sitio\/wp-json\/wp\/v2\/comments?post=18052"}],"version-history":[{"count":1,"href":"https:\/\/eldiariodesanpedro.com.ar\/sitio\/wp-json\/wp\/v2\/posts\/18052\/revisions"}],"predecessor-version":[{"id":18054,"href":"https:\/\/eldiariodesanpedro.com.ar\/sitio\/wp-json\/wp\/v2\/posts\/18052\/revisions\/18054"}],"wp:featuredmedia":[{"embeddable":true,"href":"https:\/\/eldiariodesanpedro.com.ar\/sitio\/wp-json\/wp\/v2\/media\/18053"}],"wp:attachment":[{"href":"https:\/\/eldiariodesanpedro.com.ar\/sitio\/wp-json\/wp\/v2\/media?parent=18052"}],"wp:term":[{"taxonomy":"category","embeddable":true,"href":"https:\/\/eldiariodesanpedro.com.ar\/sitio\/wp-json\/wp\/v2\/categories?post=18052"},{"taxonomy":"post_tag","embeddable":true,"href":"https:\/\/eldiariodesanpedro.com.ar\/sitio\/wp-json\/wp\/v2\/tags?post=18052"}],"curies":[{"name":"wp","href":"https:\/\/api.w.org\/{rel}","templated":true}]}}