{"id":18044,"date":"2017-05-01T18:28:47","date_gmt":"2017-05-01T21:28:47","guid":{"rendered":"https:\/\/eldiariodesanpedro.com.ar\/sitio\/?p=18044"},"modified":"2017-05-01T18:28:47","modified_gmt":"2017-05-01T21:28:47","slug":"san-nicolas-el-peronismo-y-el-kirchnerismo-nicoleno-no-le-perdonan-el-pase-a-passaglia","status":"publish","type":"post","link":"https:\/\/eldiariodesanpedro.com.ar\/sitio\/san-nicolas-el-peronismo-y-el-kirchnerismo-nicoleno-no-le-perdonan-el-pase-a-passaglia\/","title":{"rendered":"SAN NICOL\u00c1S: El peronismo y el kirchnerismo nicole\u00f1o no le perdonan el pase a Passaglia"},"content":{"rendered":"<p><!-- VideographyWP Plugin Message: Automatic video embedding prevented by plugin options. --><br \/>\nLuego del salto al Gabinete bonaerense del ahora ex intendente de San Nicol\u00e1s, desde el peronismo local le saltaron a la yugular. Desde Nuevo Encuentro repudiaron la jugada de Passaglia y, el Diputado bonaerense Andr\u00e9s Quinteros lig\u00f3 el pase a \u201cun tufillo que es inimaginable\u201d.<\/p>\n<p>  El peronismo nicole\u00f1o no le perdona el salto Ismael Passaglia. Luego de que el ex intendente se transformara en el nuevo conductor del Instituto de la Vivienda y, de este modo, se confirmara su pase definitivo a las filas de Cambiemos, se multiplican las cr\u00edticas del entorno pol\u00edtico local.<\/p>\n<p>  En ese sentido, el Diputado bonaerense perteneciente al bloque del FpV, Andr\u00e9s Quinteros, dialog\u00f3 con La Tecla y consider\u00f3 que no le sorprendi\u00f3 el salto ya que \u201cPassaglia nunca particip\u00f3 de la vida activa del peronismo, ya que se incorpor\u00f3 como un extrapartidario, e ideol\u00f3gicamente est\u00e1 en las ant\u00edpodas de cualquier expresi\u00f3n popular o que busque el beneficio de los m\u00e1s vulnerables\u201d.<\/p>\n<p>  Y agreg\u00f3: \u201cSigo sin entender por qu\u00e9 toma una decisi\u00f3n de esas, ac\u00e1 hay un tufillo que es inimaginable\u201d.<\/p>\n<p>  Con respecto al supuesto apoyo que Passaglia le habr\u00eda asegurado a Randazzo, Quinteros desliz\u00f3 que, con \u00e9l, el actual Titular del Instituto de la Vivienda \u201cno asumi\u00f3 ning\u00fan compromiso\u201d. Incluso, el legislador afirm\u00f3 que en aquel momento \u201cle ped\u00ed que por favor cuidara las formas porque no era momento de definiciones pol\u00edticas\u201d.<\/p>\n<p>  Para Quinteros, a Passaglia \u201clo pudo la ansiedad\u201d y apunt\u00f3, adem\u00e1s, que \u201ctiene una visi\u00f3n muy particular de la pol\u00edtica\u201d. <\/p>\n<p>  Adem\u00e1s, desde Nuevo Encuentro, tambi\u00e9n dejaron sentada su posici\u00f3n: \u201cRepudiamos en\u00e9rgicamente el salto del ex intendente Passaglia al Gabinete de la Gobernadora. Estamos absolutamente en contra de estos travestismos pol\u00edticos\u201d, se\u00f1al\u00f3 el referente Roberto Cecchi. \u201cEl ex intendente us\u00f3 a los vecinos y vecinas de San Nicol\u00e1s, que lo votaron confiando en que representar\u00eda al campo nacional y popular, para una construcci\u00f3n absolutamente personal\u201d, consider\u00f3.<\/p>\n<p>  \u201cLa Democracia abre canales de participaci\u00f3n para todos los sectores que quieran expresar su voluntad pol\u00edtica, con lo cual no hay ninguna necesidad de usurpar construcciones pol\u00edticas para ambiciones personalistas. Estas acciones egoc\u00e9ntricas no hacen m\u00e1s que lastimar a la Democracia\u201d, marc\u00f3 el referente nicole\u00f1o de la fuerza que lidera a nivel nacional Mart\u00edn Sabbatella. (La Tecla)<\/p>\n","protected":false},"excerpt":{"rendered":"<p>Luego del salto al Gabinete bonaerense del ahora ex intendente de San Nicol\u00e1s, desde el peronismo local le saltaron a la yugular. Desde Nuevo Encuentro repudiaron la jugada de Passaglia y, el Diputado bonaerense Andr\u00e9s Quinteros lig\u00f3 el pase a \u201cun tufillo que es inimaginable\u201d. El peronismo nicole\u00f1o no le perdona el salto Ismael Passaglia. [&hellip;]<\/p>\n","protected":false},"author":4,"featured_media":18046,"comment_status":"open","ping_status":"closed","sticky":false,"template":"","format":"standard","meta":{"om_disable_all_campaigns":false,"_jetpack_memberships_contains_paid_content":false,"footnotes":""},"categories":[621],"tags":[],"class_list":["post-18044","post","type-post","status-publish","format-standard","has-post-thumbnail","hentry","category-regionales"],"aioseo_notices":[],"gutentor_comment":0,"jetpack_featured_media_url":"https:\/\/eldiariodesanpedro.com.ar\/sitio\/wp-content\/uploads\/2017\/05\/Passaglia-junto-a-Vidal.jpg","jetpack_shortlink":"https:\/\/wp.me\/p6RhLt-4H2","jetpack_sharing_enabled":true,"_links":{"self":[{"href":"https:\/\/eldiariodesanpedro.com.ar\/sitio\/wp-json\/wp\/v2\/posts\/18044","targetHints":{"allow":["GET"]}}],"collection":[{"href":"https:\/\/eldiariodesanpedro.com.ar\/sitio\/wp-json\/wp\/v2\/posts"}],"about":[{"href":"https:\/\/eldiariodesanpedro.com.ar\/sitio\/wp-json\/wp\/v2\/types\/post"}],"author":[{"embeddable":true,"href":"https:\/\/eldiariodesanpedro.com.ar\/sitio\/wp-json\/wp\/v2\/users\/4"}],"replies":[{"embeddable":true,"href":"https:\/\/eldiariodesanpedro.com.ar\/sitio\/wp-json\/wp\/v2\/comments?post=18044"}],"version-history":[{"count":1,"href":"https:\/\/eldiariodesanpedro.com.ar\/sitio\/wp-json\/wp\/v2\/posts\/18044\/revisions"}],"predecessor-version":[{"id":18047,"href":"https:\/\/eldiariodesanpedro.com.ar\/sitio\/wp-json\/wp\/v2\/posts\/18044\/revisions\/18047"}],"wp:featuredmedia":[{"embeddable":true,"href":"https:\/\/eldiariodesanpedro.com.ar\/sitio\/wp-json\/wp\/v2\/media\/18046"}],"wp:attachment":[{"href":"https:\/\/eldiariodesanpedro.com.ar\/sitio\/wp-json\/wp\/v2\/media?parent=18044"}],"wp:term":[{"taxonomy":"category","embeddable":true,"href":"https:\/\/eldiariodesanpedro.com.ar\/sitio\/wp-json\/wp\/v2\/categories?post=18044"},{"taxonomy":"post_tag","embeddable":true,"href":"https:\/\/eldiariodesanpedro.com.ar\/sitio\/wp-json\/wp\/v2\/tags?post=18044"}],"curies":[{"name":"wp","href":"https:\/\/api.w.org\/{rel}","templated":true}]}}