{"id":18042,"date":"2017-05-01T18:44:24","date_gmt":"2017-05-01T21:44:24","guid":{"rendered":"https:\/\/eldiariodesanpedro.com.ar\/sitio\/?p=18042"},"modified":"2017-05-01T18:44:24","modified_gmt":"2017-05-01T21:44:24","slug":"estamos-festejando-20-anos-de-trayectoria","status":"publish","type":"post","link":"https:\/\/eldiariodesanpedro.com.ar\/sitio\/estamos-festejando-20-anos-de-trayectoria\/","title":{"rendered":"\u201cEstamos festejando 20 a\u00f1os de trayectoria\u00bb"},"content":{"rendered":"<p><!-- VideographyWP Plugin Message: Automatic video embedding prevented by plugin options. --><br \/>\n\u201cMe parece que es interesante tener el contacto con esta gente que de alguna manera me tiene, algunos se acordar\u00e1n de la Sole del 96 y oro estar\u00e1n m\u00e1s actualizados pero est\u00e1n conmigo y eso es como un desaf\u00edo interesante\u201d, dijo Soledad Pastorutti en una entrevista que brind\u00f3 a los medios local, antes de su show. .<br \/>\n\u201cEstamos festejando 20 a\u00f1os de trayectoria, nosotros tomamos canciones del repertorio popular y otras las hemos hechos populares nosotros y eso ha hecho que generalmente funciona muy bien ello, m\u00e1s cuando nos presentamos en un escenario de estas caracter\u00edsticas, tramos que el show sea muy efectivo\u201d, dijo asimismo.<br \/>\nLuego afirm\u00f3: \u201cEstoy feliz de estar ac\u00e1 en San Pedro\u201d y \u201cpodemos decir que es parte de mis inicios, se puede decir que hace 20 a\u00f1os estuve por ac\u00e1 imaginate todo el agua que pas\u00f3 bajo el puente\u201d. <\/p>\n","protected":false},"excerpt":{"rendered":"<p>\u201cMe parece que es interesante tener el contacto con esta gente que de alguna manera me tiene, algunos se acordar\u00e1n de la Sole del 96 y oro estar\u00e1n m\u00e1s actualizados pero est\u00e1n conmigo y eso es como un desaf\u00edo interesante\u201d, dijo Soledad Pastorutti en una entrevista que brind\u00f3 a los medios local, antes de su [&hellip;]<\/p>\n","protected":false},"author":4,"featured_media":18050,"comment_status":"open","ping_status":"closed","sticky":false,"template":"","format":"standard","meta":{"om_disable_all_campaigns":false,"_jetpack_memberships_contains_paid_content":false,"footnotes":""},"categories":[50,101,2],"tags":[],"class_list":["post-18042","post","type-post","status-publish","format-standard","has-post-thumbnail","hentry","category-destacadas","category-interes-general-locales","category-locales"],"aioseo_notices":[],"gutentor_comment":0,"jetpack_featured_media_url":"https:\/\/eldiariodesanpedro.com.ar\/sitio\/wp-content\/uploads\/2017\/05\/Acercarte-SanPedro-4.jpg","jetpack_shortlink":"https:\/\/wp.me\/p6RhLt-4H0","jetpack_sharing_enabled":true,"_links":{"self":[{"href":"https:\/\/eldiariodesanpedro.com.ar\/sitio\/wp-json\/wp\/v2\/posts\/18042","targetHints":{"allow":["GET"]}}],"collection":[{"href":"https:\/\/eldiariodesanpedro.com.ar\/sitio\/wp-json\/wp\/v2\/posts"}],"about":[{"href":"https:\/\/eldiariodesanpedro.com.ar\/sitio\/wp-json\/wp\/v2\/types\/post"}],"author":[{"embeddable":true,"href":"https:\/\/eldiariodesanpedro.com.ar\/sitio\/wp-json\/wp\/v2\/users\/4"}],"replies":[{"embeddable":true,"href":"https:\/\/eldiariodesanpedro.com.ar\/sitio\/wp-json\/wp\/v2\/comments?post=18042"}],"version-history":[{"count":1,"href":"https:\/\/eldiariodesanpedro.com.ar\/sitio\/wp-json\/wp\/v2\/posts\/18042\/revisions"}],"predecessor-version":[{"id":18051,"href":"https:\/\/eldiariodesanpedro.com.ar\/sitio\/wp-json\/wp\/v2\/posts\/18042\/revisions\/18051"}],"wp:featuredmedia":[{"embeddable":true,"href":"https:\/\/eldiariodesanpedro.com.ar\/sitio\/wp-json\/wp\/v2\/media\/18050"}],"wp:attachment":[{"href":"https:\/\/eldiariodesanpedro.com.ar\/sitio\/wp-json\/wp\/v2\/media?parent=18042"}],"wp:term":[{"taxonomy":"category","embeddable":true,"href":"https:\/\/eldiariodesanpedro.com.ar\/sitio\/wp-json\/wp\/v2\/categories?post=18042"},{"taxonomy":"post_tag","embeddable":true,"href":"https:\/\/eldiariodesanpedro.com.ar\/sitio\/wp-json\/wp\/v2\/tags?post=18042"}],"curies":[{"name":"wp","href":"https:\/\/api.w.org\/{rel}","templated":true}]}}