{"id":18036,"date":"2017-05-01T18:20:31","date_gmt":"2017-05-01T21:20:31","guid":{"rendered":"https:\/\/eldiariodesanpedro.com.ar\/sitio\/?p=18036"},"modified":"2017-05-01T18:20:31","modified_gmt":"2017-05-01T21:20:31","slug":"un-auto-impacto-a-otro-por-detras-en-la-ruta-9","status":"publish","type":"post","link":"https:\/\/eldiariodesanpedro.com.ar\/sitio\/un-auto-impacto-a-otro-por-detras-en-la-ruta-9\/","title":{"rendered":"Un auto impact\u00f3 a otro por detr\u00e1s en la Ruta 9"},"content":{"rendered":"<p><!-- VideographyWP Plugin Message: Automatic video embedding prevented by plugin options. --><br \/>\nEl incidente automovil\u00edstico tuvo lugar pasado el mediod\u00eda del s\u00e1bado, en el km. 167 del carril Buenos Aires \u2013 Rosario de la Autopista Nacional.<\/p>\n<p>  Por causas que se tratan de establecer, un Chevrolet Corsa impact\u00f3 por detr\u00e1s a un Volkswagen Fox. Como consecuencia de ello, un hombre de uno 78 a\u00f1os de edad que se dirig\u00eda en el primer rodado sufri\u00f3 un traumatismo en la mano derecha, por lo que una ambulancia del CEM lo deriv\u00f3 desde el lugar del siniestro al Nosocomio local para su atenci\u00f3n. El resto de los ocupantes de ambos rodados resultaron ilesos.<\/p>\n","protected":false},"excerpt":{"rendered":"<p>El incidente automovil\u00edstico tuvo lugar pasado el mediod\u00eda del s\u00e1bado, en el km. 167 del carril Buenos Aires \u2013 Rosario de la Autopista Nacional. Por causas que se tratan de establecer, un Chevrolet Corsa impact\u00f3 por detr\u00e1s a un Volkswagen Fox. Como consecuencia de ello, un hombre de uno 78 a\u00f1os de edad que se [&hellip;]<\/p>\n","protected":false},"author":4,"featured_media":1370,"comment_status":"open","ping_status":"closed","sticky":false,"template":"","format":"standard","meta":{"om_disable_all_campaigns":false,"_jetpack_memberships_contains_paid_content":false,"footnotes":""},"categories":[2,103],"tags":[],"class_list":["post-18036","post","type-post","status-publish","format-standard","has-post-thumbnail","hentry","category-locales","category-policiales-locales"],"aioseo_notices":[],"gutentor_comment":0,"jetpack_featured_media_url":"https:\/\/eldiariodesanpedro.com.ar\/sitio\/wp-content\/uploads\/2015\/12\/ambulancia-107.jpg","jetpack_shortlink":"https:\/\/wp.me\/p6RhLt-4GU","jetpack_sharing_enabled":true,"_links":{"self":[{"href":"https:\/\/eldiariodesanpedro.com.ar\/sitio\/wp-json\/wp\/v2\/posts\/18036","targetHints":{"allow":["GET"]}}],"collection":[{"href":"https:\/\/eldiariodesanpedro.com.ar\/sitio\/wp-json\/wp\/v2\/posts"}],"about":[{"href":"https:\/\/eldiariodesanpedro.com.ar\/sitio\/wp-json\/wp\/v2\/types\/post"}],"author":[{"embeddable":true,"href":"https:\/\/eldiariodesanpedro.com.ar\/sitio\/wp-json\/wp\/v2\/users\/4"}],"replies":[{"embeddable":true,"href":"https:\/\/eldiariodesanpedro.com.ar\/sitio\/wp-json\/wp\/v2\/comments?post=18036"}],"version-history":[{"count":1,"href":"https:\/\/eldiariodesanpedro.com.ar\/sitio\/wp-json\/wp\/v2\/posts\/18036\/revisions"}],"predecessor-version":[{"id":18040,"href":"https:\/\/eldiariodesanpedro.com.ar\/sitio\/wp-json\/wp\/v2\/posts\/18036\/revisions\/18040"}],"wp:featuredmedia":[{"embeddable":true,"href":"https:\/\/eldiariodesanpedro.com.ar\/sitio\/wp-json\/wp\/v2\/media\/1370"}],"wp:attachment":[{"href":"https:\/\/eldiariodesanpedro.com.ar\/sitio\/wp-json\/wp\/v2\/media?parent=18036"}],"wp:term":[{"taxonomy":"category","embeddable":true,"href":"https:\/\/eldiariodesanpedro.com.ar\/sitio\/wp-json\/wp\/v2\/categories?post=18036"},{"taxonomy":"post_tag","embeddable":true,"href":"https:\/\/eldiariodesanpedro.com.ar\/sitio\/wp-json\/wp\/v2\/tags?post=18036"}],"curies":[{"name":"wp","href":"https:\/\/api.w.org\/{rel}","templated":true}]}}