{"id":18029,"date":"2017-05-01T18:14:09","date_gmt":"2017-05-01T21:14:09","guid":{"rendered":"https:\/\/eldiariodesanpedro.com.ar\/sitio\/?p=18029"},"modified":"2017-05-01T18:14:09","modified_gmt":"2017-05-01T21:14:09","slug":"delincuentes-armados-robaron-a-una-familia-en-la-zona-de-ingeniero-moneta","status":"publish","type":"post","link":"https:\/\/eldiariodesanpedro.com.ar\/sitio\/delincuentes-armados-robaron-a-una-familia-en-la-zona-de-ingeniero-moneta\/","title":{"rendered":"Delincuentes armados robaron a una familia en la zona de Ingeniero Moneta"},"content":{"rendered":"<p><!-- VideographyWP Plugin Message: Automatic video embedding prevented by plugin options. --><br \/>\nEl hecho tuvo lugar el domingo en la Estancia \u201cLa Teresita\u201d localizada en el paraje Ingeniero Moneta (zona rural), a unos 15 km. de la localidad de Santa Luc\u00eda.<\/p>\n<p>  Cinco delincuentes irrumpieron en la vivienda del \u201cpuestero\u201d del lugar con armas de fuego y con el rostro cubierto, sustray\u00e9ndoles pertenencias varias a toda la familia que all\u00ed reside.<\/p>\n<p>  Tras revisar minuciosamente el lugar, se dieron a la fuga en un rodado perteneciente al damnificado, dejando a los residentes encerrados. Los cuales permanecieron as\u00ed aproximadamente unas cuatro horas.<\/p>\n<p>  En total, los delincuentes lograron sustraer: Dinero en efectivo (suma a determinar), una camioneta Toyota Hilux color gris, tres pallets de glifosato, herramientas varias, siete tel\u00e9fonos celulares, una tablet Noblex, dos computadoras provistas por el estado y documentaci\u00f3n diversa.<\/p>\n<p>  Interviene en el hecho la UFI N\u00b011, quien dispuso que trabaje en el lugar Polic\u00eda Cient\u00edfica. Adem\u00e1s, intervino patrulla rural, como as\u00ed tambi\u00e9n personal de la DDI.<\/p>\n","protected":false},"excerpt":{"rendered":"<p>El hecho tuvo lugar el domingo en la Estancia \u201cLa Teresita\u201d localizada en el paraje Ingeniero Moneta (zona rural), a unos 15 km. de la localidad de Santa Luc\u00eda. Cinco delincuentes irrumpieron en la vivienda del \u201cpuestero\u201d del lugar con armas de fuego y con el rostro cubierto, sustray\u00e9ndoles pertenencias varias a toda la familia [&hellip;]<\/p>\n","protected":false},"author":4,"featured_media":18033,"comment_status":"open","ping_status":"closed","sticky":false,"template":"","format":"standard","meta":{"om_disable_all_campaigns":false,"_jetpack_memberships_contains_paid_content":false,"footnotes":""},"categories":[2,103],"tags":[],"class_list":["post-18029","post","type-post","status-publish","format-standard","has-post-thumbnail","hentry","category-locales","category-policiales-locales"],"aioseo_notices":[],"gutentor_comment":0,"jetpack_featured_media_url":"https:\/\/eldiariodesanpedro.com.ar\/sitio\/wp-content\/uploads\/2017\/05\/ladron-armado-encapuchado.jpg","jetpack_shortlink":"https:\/\/wp.me\/p6RhLt-4GN","jetpack_sharing_enabled":true,"_links":{"self":[{"href":"https:\/\/eldiariodesanpedro.com.ar\/sitio\/wp-json\/wp\/v2\/posts\/18029","targetHints":{"allow":["GET"]}}],"collection":[{"href":"https:\/\/eldiariodesanpedro.com.ar\/sitio\/wp-json\/wp\/v2\/posts"}],"about":[{"href":"https:\/\/eldiariodesanpedro.com.ar\/sitio\/wp-json\/wp\/v2\/types\/post"}],"author":[{"embeddable":true,"href":"https:\/\/eldiariodesanpedro.com.ar\/sitio\/wp-json\/wp\/v2\/users\/4"}],"replies":[{"embeddable":true,"href":"https:\/\/eldiariodesanpedro.com.ar\/sitio\/wp-json\/wp\/v2\/comments?post=18029"}],"version-history":[{"count":1,"href":"https:\/\/eldiariodesanpedro.com.ar\/sitio\/wp-json\/wp\/v2\/posts\/18029\/revisions"}],"predecessor-version":[{"id":18035,"href":"https:\/\/eldiariodesanpedro.com.ar\/sitio\/wp-json\/wp\/v2\/posts\/18029\/revisions\/18035"}],"wp:featuredmedia":[{"embeddable":true,"href":"https:\/\/eldiariodesanpedro.com.ar\/sitio\/wp-json\/wp\/v2\/media\/18033"}],"wp:attachment":[{"href":"https:\/\/eldiariodesanpedro.com.ar\/sitio\/wp-json\/wp\/v2\/media?parent=18029"}],"wp:term":[{"taxonomy":"category","embeddable":true,"href":"https:\/\/eldiariodesanpedro.com.ar\/sitio\/wp-json\/wp\/v2\/categories?post=18029"},{"taxonomy":"post_tag","embeddable":true,"href":"https:\/\/eldiariodesanpedro.com.ar\/sitio\/wp-json\/wp\/v2\/tags?post=18029"}],"curies":[{"name":"wp","href":"https:\/\/api.w.org\/{rel}","templated":true}]}}