{"id":18027,"date":"2017-05-01T18:13:00","date_gmt":"2017-05-01T21:13:00","guid":{"rendered":"https:\/\/eldiariodesanpedro.com.ar\/sitio\/?p=18027"},"modified":"2017-05-01T18:13:00","modified_gmt":"2017-05-01T21:13:00","slug":"un-menor-de-14-anos-murio-en-un-accidente-transito-en-gobernador-castro","status":"publish","type":"post","link":"https:\/\/eldiariodesanpedro.com.ar\/sitio\/un-menor-de-14-anos-murio-en-un-accidente-transito-en-gobernador-castro\/","title":{"rendered":"Un menor de 14 a\u00f1os muri\u00f3 en un accidente tr\u00e1nsito en Gobernador Castro"},"content":{"rendered":"<p><!-- VideographyWP Plugin Message: Automatic video embedding prevented by plugin options. --><br \/>\n  El domingo a la madrugada, en la esquina de Tucum\u00e1n y Mitre de la localidad d Gdor. Castro, dos ciclomoteres impactaron violentamente por causas que se tratan de establecer.<\/p>\n<p>  Como consecuencia de ello, un menor de 14 a\u00f1os de edad, identificado como Kevin Ariel Scazariello, fue derivado al Hospital 9 de Julio con fracturas en los miembros superiores e inferiores y politraumatismos varios. Posteriormente fue derivado al Nosocomio de nuestra ciudad, pero a pesar del esfuerzo de los profesionales de m\u00e9dicos, falleci\u00f3.<\/p>\n<p>  En tanto que, el otro joven de 17 a\u00f1os, tambi\u00e9n se encuentra en dicho centro asistencial. Sufri\u00f3 una fractura facial y traumatismo de cr\u00e1neo recuperado y est\u00e1 internado en Terapia Intensiva, estable.<\/p>\n<p>  Cabe destacar que ninguno de los dos motociclistas llevaba casco y esto, tuvo una importante implicancia en el desarrollo de los hechos, puesto que, los da\u00f1os habr\u00edan sido menores de si los hubieran llevado puestos.<\/p>\n<p>  Los dos veh\u00edculos que participaron de siniestro fueron secuestrados, en tanto que Polic\u00eda Cient\u00edfica realiz\u00f3 los peritajes en el lugar del hecho.<\/p>\n<p>  Interviene la UFI del joven que dispuso que se lleve a cabo la autopsia de joven fallecido.<\/p>\n","protected":false},"excerpt":{"rendered":"<p>El domingo a la madrugada, en la esquina de Tucum\u00e1n y Mitre de la localidad d Gdor. Castro, dos ciclomoteres impactaron violentamente por causas que se tratan de establecer. Como consecuencia de ello, un menor de 14 a\u00f1os de edad, identificado como Kevin Ariel Scazariello, fue derivado al Hospital 9 de Julio con fracturas en [&hellip;]<\/p>\n","protected":false},"author":4,"featured_media":18028,"comment_status":"open","ping_status":"closed","sticky":false,"template":"","format":"standard","meta":{"om_disable_all_campaigns":false,"_jetpack_memberships_contains_paid_content":false,"footnotes":""},"categories":[2,103],"tags":[],"class_list":["post-18027","post","type-post","status-publish","format-standard","has-post-thumbnail","hentry","category-locales","category-policiales-locales"],"aioseo_notices":[],"gutentor_comment":0,"jetpack_featured_media_url":"https:\/\/eldiariodesanpedro.com.ar\/sitio\/wp-content\/uploads\/2017\/05\/Las-motos-que-participaron-del-choque.jpeg","jetpack_shortlink":"https:\/\/wp.me\/p6RhLt-4GL","jetpack_sharing_enabled":true,"_links":{"self":[{"href":"https:\/\/eldiariodesanpedro.com.ar\/sitio\/wp-json\/wp\/v2\/posts\/18027","targetHints":{"allow":["GET"]}}],"collection":[{"href":"https:\/\/eldiariodesanpedro.com.ar\/sitio\/wp-json\/wp\/v2\/posts"}],"about":[{"href":"https:\/\/eldiariodesanpedro.com.ar\/sitio\/wp-json\/wp\/v2\/types\/post"}],"author":[{"embeddable":true,"href":"https:\/\/eldiariodesanpedro.com.ar\/sitio\/wp-json\/wp\/v2\/users\/4"}],"replies":[{"embeddable":true,"href":"https:\/\/eldiariodesanpedro.com.ar\/sitio\/wp-json\/wp\/v2\/comments?post=18027"}],"version-history":[{"count":1,"href":"https:\/\/eldiariodesanpedro.com.ar\/sitio\/wp-json\/wp\/v2\/posts\/18027\/revisions"}],"predecessor-version":[{"id":18031,"href":"https:\/\/eldiariodesanpedro.com.ar\/sitio\/wp-json\/wp\/v2\/posts\/18027\/revisions\/18031"}],"wp:featuredmedia":[{"embeddable":true,"href":"https:\/\/eldiariodesanpedro.com.ar\/sitio\/wp-json\/wp\/v2\/media\/18028"}],"wp:attachment":[{"href":"https:\/\/eldiariodesanpedro.com.ar\/sitio\/wp-json\/wp\/v2\/media?parent=18027"}],"wp:term":[{"taxonomy":"category","embeddable":true,"href":"https:\/\/eldiariodesanpedro.com.ar\/sitio\/wp-json\/wp\/v2\/categories?post=18027"},{"taxonomy":"post_tag","embeddable":true,"href":"https:\/\/eldiariodesanpedro.com.ar\/sitio\/wp-json\/wp\/v2\/tags?post=18027"}],"curies":[{"name":"wp","href":"https:\/\/api.w.org\/{rel}","templated":true}]}}