{"id":18023,"date":"2017-05-01T18:12:44","date_gmt":"2017-05-01T21:12:44","guid":{"rendered":"https:\/\/eldiariodesanpedro.com.ar\/sitio\/?p=18023"},"modified":"2017-05-01T18:20:51","modified_gmt":"2017-05-01T21:20:51","slug":"cuando-completamos-los-125-municipios-seguramente-vamos-a-volver","status":"publish","type":"post","link":"https:\/\/eldiariodesanpedro.com.ar\/sitio\/cuando-completamos-los-125-municipios-seguramente-vamos-a-volver\/","title":{"rendered":"\u201cCuando completamos los 125 municipios, seguramente vamos a volver"},"content":{"rendered":"<p><!-- VideographyWP Plugin Message: Automatic video embedding prevented by plugin options. --><br \/>\nAlejandro G\u00f3mez, estuvo el s\u00e1bado en la ciudad participando de las actividades del programa Acercarte en nuestra ciudad. Junto al Intendente Salazar brind\u00f3 una conferencia de prensa.<br \/>\n\u201cEs una inmensa alegr\u00eda para m\u00ed pero pero fundamentalmente para la gente que lo est\u00e1 disfrutando porque en definitiva todo lo que hacemos nosotros es para la gente\u201d, dijo el mandatario comunal en primera instancia.<br \/>\nEn tanto que el funcionario provincial, se\u00f1al\u00f3: \u201cEste fin de semana estamos completando los primeros 65 municipios\u201d y \u201cpor un lado es much\u00edsimo porque por primera vez en la historia de la provincia que un programa cultural llega a esa cantidades de distritos\u201d.<br \/>\n\u201cCuando termine este fin de semana habremos superado los 3 millones de espectadores\u201d, sostuvo y por otro lado afirm\u00f3: \u201cFalta mucho por hacer, falta m\u00e1s de media provincia que todav\u00eda no tuvo Acercarte todav\u00eda nos queda mucho trabajo\u201d.<br \/>\n\u201cVemos que San Pedro va a ser uno de los grandes sucesos de Acercarte y cuando el resultado de tanto esfuerzo es positivo uno se pone contento\u201d, asever\u00f3.<br \/>\n\u201cCuando completamos los 125 municipios, seguramente vamos a volver\u201d, afirm\u00f3 seguidamente y agreg\u00f3: \u201cLa Gobernadora nos pidi\u00f3 que hay cultura que haya cultura recorriendo la provincia todo el a\u00f1o\u201d.<\/p>\n<div class=\"fb-video\" data-allowfullscreen=\"true\" data-href=\"https:\/\/www.facebook.com\/eldiario.desanpedro\/videos\/608259329383210\/\" style=\"background-color: #fff; display: inline-block;\"><\/div>\n","protected":false},"excerpt":{"rendered":"<p>Alejandro G\u00f3mez, estuvo el s\u00e1bado en la ciudad participando de las actividades del programa Acercarte en nuestra ciudad. Junto al Intendente Salazar brind\u00f3 una conferencia de prensa. \u201cEs una inmensa alegr\u00eda para m\u00ed pero pero fundamentalmente para la gente que lo est\u00e1 disfrutando porque en definitiva todo lo que hacemos nosotros es para la gente\u201d, [&hellip;]<\/p>\n","protected":false},"author":4,"featured_media":18030,"comment_status":"open","ping_status":"closed","sticky":false,"template":"","format":"standard","meta":{"om_disable_all_campaigns":false,"_jetpack_memberships_contains_paid_content":false,"footnotes":""},"categories":[50,101,2],"tags":[],"class_list":["post-18023","post","type-post","status-publish","format-standard","has-post-thumbnail","hentry","category-destacadas","category-interes-general-locales","category-locales"],"aioseo_notices":[],"gutentor_comment":0,"jetpack_featured_media_url":"https:\/\/eldiariodesanpedro.com.ar\/sitio\/wp-content\/uploads\/2017\/05\/DSC_0076.jpg","jetpack_shortlink":"https:\/\/wp.me\/p6RhLt-4GH","jetpack_sharing_enabled":true,"_links":{"self":[{"href":"https:\/\/eldiariodesanpedro.com.ar\/sitio\/wp-json\/wp\/v2\/posts\/18023","targetHints":{"allow":["GET"]}}],"collection":[{"href":"https:\/\/eldiariodesanpedro.com.ar\/sitio\/wp-json\/wp\/v2\/posts"}],"about":[{"href":"https:\/\/eldiariodesanpedro.com.ar\/sitio\/wp-json\/wp\/v2\/types\/post"}],"author":[{"embeddable":true,"href":"https:\/\/eldiariodesanpedro.com.ar\/sitio\/wp-json\/wp\/v2\/users\/4"}],"replies":[{"embeddable":true,"href":"https:\/\/eldiariodesanpedro.com.ar\/sitio\/wp-json\/wp\/v2\/comments?post=18023"}],"version-history":[{"count":3,"href":"https:\/\/eldiariodesanpedro.com.ar\/sitio\/wp-json\/wp\/v2\/posts\/18023\/revisions"}],"predecessor-version":[{"id":18038,"href":"https:\/\/eldiariodesanpedro.com.ar\/sitio\/wp-json\/wp\/v2\/posts\/18023\/revisions\/18038"}],"wp:featuredmedia":[{"embeddable":true,"href":"https:\/\/eldiariodesanpedro.com.ar\/sitio\/wp-json\/wp\/v2\/media\/18030"}],"wp:attachment":[{"href":"https:\/\/eldiariodesanpedro.com.ar\/sitio\/wp-json\/wp\/v2\/media?parent=18023"}],"wp:term":[{"taxonomy":"category","embeddable":true,"href":"https:\/\/eldiariodesanpedro.com.ar\/sitio\/wp-json\/wp\/v2\/categories?post=18023"},{"taxonomy":"post_tag","embeddable":true,"href":"https:\/\/eldiariodesanpedro.com.ar\/sitio\/wp-json\/wp\/v2\/tags?post=18023"}],"curies":[{"name":"wp","href":"https:\/\/api.w.org\/{rel}","templated":true}]}}