{"id":18022,"date":"2017-05-01T18:11:08","date_gmt":"2017-05-01T21:11:08","guid":{"rendered":"https:\/\/eldiariodesanpedro.com.ar\/sitio\/?p=18022"},"modified":"2017-05-01T18:11:08","modified_gmt":"2017-05-01T21:11:08","slug":"acercarte-65000-personas-bailaron-al-ritmo-de-miranda-y-la-sole","status":"publish","type":"post","link":"https:\/\/eldiariodesanpedro.com.ar\/sitio\/acercarte-65000-personas-bailaron-al-ritmo-de-miranda-y-la-sole\/","title":{"rendered":"AcercArte: 65000 personas bailaron al ritmo de Miranda y \u201cLa Sole\u201d"},"content":{"rendered":"<p><!-- VideographyWP Plugin Message: Automatic video embedding prevented by plugin options. --><br \/>\n  La folclorista Soledad Pastorutti se present\u00f3 en la noche de ayer en el cierre de la segunda jornada del Festival AcercArte, organizado entre el Municipio y la Provincia de Buenos Aires. El amplio repertorio incluy\u00f3 desde cl\u00e1sicos como a \u201cDon Ata\u201d y \u201cTren del cielo\u201d hasta sus \u00faltimos temas, que hicieron cantar y bailar a todo el p\u00fablico presente. <\/p>\n<p>  Temprano por la tarde, se present\u00f3 para los m\u00e1s peque\u00f1os la cantante infantil \u00abAdriana\u201d. Otra de las actividades m\u00e1s destacadas del fin de semana fue la charla con el escritor Federico Andahazi, que convoc\u00f3 a multitud de vecinos a la Biblioteca. Para los adultos, por la noche el actor Juan Gil Navarro lleg\u00f3 a la ciudad con su obra \u201cShakespeare, todos y ninguno\u201d, en el MEC La Plama.<\/p>\n<p>  Las actividades comenzaron el d\u00eda s\u00e1bado, visitantes y turistas tuvieron la oportunidad de disfrutar de las actividades culturales que se realizaron en el Paseo P\u00fablico Municipal, donde se destac\u00f3 la presencia de Milo Lockett con su taller de pintura en la Biblioteca. <\/p>\n<p>  Para finalizar la primera jornada, ante miles de sampedrinos y visitantes, despleg\u00f3 su show el grupo de electro pop Miranda que, hizo vibrar al p\u00fablico con sus cl\u00e1sicos y algunos temas del nuevo disco.<\/p>\n<p>  El domingo fue el turno \u201cCantando con Adriana\u201d que deleit\u00f3 a los m\u00e1s chicos. Y de Soledad que, acompa\u00f1ada por un multitudinario p\u00fablico, desarroll\u00f3 su presentaci\u00f3n. Adem\u00e1s, se agotaron las localidades para el Teatro, donde se present\u00f3 Graciela Borges con \u201cEntre nosotros\u201d.<\/p>\n<p>  AcercArte es una propuesta cultural estatal del Gobierno de la Provincia de Buenos Aires, que ya lleg\u00f3 a 65 ciudades, y recorrer\u00e1 los 135 municipios de la Provincia para que todos los bonaerenses tengan la posibilidad de disfrutar cultura de excelencia de manera gratuita durante todo el a\u00f1o, cerca de sus casas.<\/p>\n<p>  El programa tiene diferentes actividades para todo p\u00fablico, como stand up, arte callejero, una biblioteca m\u00f3vil con libros a disposici\u00f3n, charlas, lecturas, talleres de reutilizaci\u00f3n creativa para todas las edades, artes pl\u00e1sticas, espect\u00e1culos infantiles, conexi\u00f3n con la biblioteca digital, un cine m\u00f3vil y un cine 360\u00ba, bandas en vivo y teatro con obras de reconocidos artistas.<\/p>\n","protected":false},"excerpt":{"rendered":"<p>La folclorista Soledad Pastorutti se present\u00f3 en la noche de ayer en el cierre de la segunda jornada del Festival AcercArte, organizado entre el Municipio y la Provincia de Buenos Aires. El amplio repertorio incluy\u00f3 desde cl\u00e1sicos como a \u201cDon Ata\u201d y \u201cTren del cielo\u201d hasta sus \u00faltimos temas, que hicieron cantar y bailar a [&hellip;]<\/p>\n","protected":false},"author":4,"featured_media":18025,"comment_status":"open","ping_status":"closed","sticky":false,"template":"","format":"standard","meta":{"om_disable_all_campaigns":false,"_jetpack_memberships_contains_paid_content":false,"footnotes":""},"categories":[101,2],"tags":[],"class_list":["post-18022","post","type-post","status-publish","format-standard","has-post-thumbnail","hentry","category-interes-general-locales","category-locales"],"aioseo_notices":[],"gutentor_comment":0,"jetpack_featured_media_url":"https:\/\/eldiariodesanpedro.com.ar\/sitio\/wp-content\/uploads\/2017\/05\/acercarte-san-pedro.jpg","jetpack_shortlink":"https:\/\/wp.me\/p6RhLt-4GG","jetpack_sharing_enabled":true,"_links":{"self":[{"href":"https:\/\/eldiariodesanpedro.com.ar\/sitio\/wp-json\/wp\/v2\/posts\/18022","targetHints":{"allow":["GET"]}}],"collection":[{"href":"https:\/\/eldiariodesanpedro.com.ar\/sitio\/wp-json\/wp\/v2\/posts"}],"about":[{"href":"https:\/\/eldiariodesanpedro.com.ar\/sitio\/wp-json\/wp\/v2\/types\/post"}],"author":[{"embeddable":true,"href":"https:\/\/eldiariodesanpedro.com.ar\/sitio\/wp-json\/wp\/v2\/users\/4"}],"replies":[{"embeddable":true,"href":"https:\/\/eldiariodesanpedro.com.ar\/sitio\/wp-json\/wp\/v2\/comments?post=18022"}],"version-history":[{"count":1,"href":"https:\/\/eldiariodesanpedro.com.ar\/sitio\/wp-json\/wp\/v2\/posts\/18022\/revisions"}],"predecessor-version":[{"id":18026,"href":"https:\/\/eldiariodesanpedro.com.ar\/sitio\/wp-json\/wp\/v2\/posts\/18022\/revisions\/18026"}],"wp:featuredmedia":[{"embeddable":true,"href":"https:\/\/eldiariodesanpedro.com.ar\/sitio\/wp-json\/wp\/v2\/media\/18025"}],"wp:attachment":[{"href":"https:\/\/eldiariodesanpedro.com.ar\/sitio\/wp-json\/wp\/v2\/media?parent=18022"}],"wp:term":[{"taxonomy":"category","embeddable":true,"href":"https:\/\/eldiariodesanpedro.com.ar\/sitio\/wp-json\/wp\/v2\/categories?post=18022"},{"taxonomy":"post_tag","embeddable":true,"href":"https:\/\/eldiariodesanpedro.com.ar\/sitio\/wp-json\/wp\/v2\/tags?post=18022"}],"curies":[{"name":"wp","href":"https:\/\/api.w.org\/{rel}","templated":true}]}}