{"id":18018,"date":"2017-04-28T20:39:02","date_gmt":"2017-04-28T23:39:02","guid":{"rendered":"https:\/\/eldiariodesanpedro.com.ar\/sitio\/?p=18018"},"modified":"2026-01-24T00:26:24","modified_gmt":"2026-01-24T03:26:24","slug":"ciclismo-legion-sampedrina-en-junin","status":"publish","type":"post","link":"https:\/\/eldiariodesanpedro.com.ar\/sitio\/ciclismo-legion-sampedrina-en-junin\/","title":{"rendered":"CICLISMO: Legi\u00f3n sampedrina en Jun\u00edn"},"content":{"rendered":"<p><!-- VideographyWP Plugin Message: Automatic video embedding prevented by plugin options. --><br \/>\n  Un buen n\u00famero de representantes de nuestra ciudad ya han confirmado su participaci\u00f3n en el Campeonato Argentino de Ruta Master, Promocional y Damas se llevar\u00e1 a cabo en el Aut\u00f3dromo Eusebio Marcilla de Jun\u00edn organizado por la Asociaci\u00f3n Ciclista Juninense y la fiscalizaci\u00f3n de Federaci\u00f3n Argentina Ciclismo Pista y Ruta. <\/p>\n<p>  Ellos son: Jos\u00e9 Ram\u00f3n Paz, Carlos Antonio Giuliani, Adri\u00e1n Emanuel Mendoza, Pablo Mallo, Carlos Alberto Lorido, Camilo Mondinali, Mario Sbert, Alejandro Tuero, Juan Emilio Villarruel, Juan Pablo Villarruel, L\u00e1zaro Villarruel, Daniel Artigues, Jos\u00e9 Luis Pereyra, Cristian Monz\u00f3n, Pablo Peralta, Ezequiel Pisani, entre otros, adem\u00e1s en el Colegio de Comisarios Deportivo, Dante Baca.<\/p>\n","protected":false},"excerpt":{"rendered":"<p>Un buen n\u00famero de representantes de nuestra ciudad ya han confirmado su participaci\u00f3n en el Campeonato Argentino de Ruta Master, Promocional y Damas se llevar\u00e1 a cabo en el Aut\u00f3dromo Eusebio Marcilla de Jun\u00edn organizado por la Asociaci\u00f3n Ciclista Juninense y la fiscalizaci\u00f3n de Federaci\u00f3n Argentina Ciclismo Pista y Ruta. Ellos son: Jos\u00e9 Ram\u00f3n Paz, [&hellip;]<\/p>\n","protected":false},"author":4,"featured_media":10379,"comment_status":"open","ping_status":"closed","sticky":false,"template":"","format":"standard","meta":{"om_disable_all_campaigns":false,"_jetpack_memberships_contains_paid_content":false,"footnotes":""},"categories":[5],"tags":[],"class_list":["post-18018","post","type-post","status-publish","format-standard","has-post-thumbnail","hentry","category-deportes"],"aioseo_notices":[],"gutentor_comment":0,"jetpack_featured_media_url":"https:\/\/eldiariodesanpedro.com.ar\/sitio\/wp-content\/uploads\/2016\/11\/ciclismo.jpg","jetpack_shortlink":"https:\/\/wp.me\/p6RhLt-4GC","jetpack_sharing_enabled":true,"_links":{"self":[{"href":"https:\/\/eldiariodesanpedro.com.ar\/sitio\/wp-json\/wp\/v2\/posts\/18018","targetHints":{"allow":["GET"]}}],"collection":[{"href":"https:\/\/eldiariodesanpedro.com.ar\/sitio\/wp-json\/wp\/v2\/posts"}],"about":[{"href":"https:\/\/eldiariodesanpedro.com.ar\/sitio\/wp-json\/wp\/v2\/types\/post"}],"author":[{"embeddable":true,"href":"https:\/\/eldiariodesanpedro.com.ar\/sitio\/wp-json\/wp\/v2\/users\/4"}],"replies":[{"embeddable":true,"href":"https:\/\/eldiariodesanpedro.com.ar\/sitio\/wp-json\/wp\/v2\/comments?post=18018"}],"version-history":[{"count":2,"href":"https:\/\/eldiariodesanpedro.com.ar\/sitio\/wp-json\/wp\/v2\/posts\/18018\/revisions"}],"predecessor-version":[{"id":18020,"href":"https:\/\/eldiariodesanpedro.com.ar\/sitio\/wp-json\/wp\/v2\/posts\/18018\/revisions\/18020"}],"wp:featuredmedia":[{"embeddable":true,"href":"https:\/\/eldiariodesanpedro.com.ar\/sitio\/wp-json\/wp\/v2\/media\/10379"}],"wp:attachment":[{"href":"https:\/\/eldiariodesanpedro.com.ar\/sitio\/wp-json\/wp\/v2\/media?parent=18018"}],"wp:term":[{"taxonomy":"category","embeddable":true,"href":"https:\/\/eldiariodesanpedro.com.ar\/sitio\/wp-json\/wp\/v2\/categories?post=18018"},{"taxonomy":"post_tag","embeddable":true,"href":"https:\/\/eldiariodesanpedro.com.ar\/sitio\/wp-json\/wp\/v2\/tags?post=18018"}],"curies":[{"name":"wp","href":"https:\/\/api.w.org\/{rel}","templated":true}]}}