{"id":18014,"date":"2017-04-28T20:16:49","date_gmt":"2017-04-28T23:16:49","guid":{"rendered":"https:\/\/eldiariodesanpedro.com.ar\/sitio\/?p=18014"},"modified":"2026-01-24T00:26:25","modified_gmt":"2026-01-24T03:26:25","slug":"futbol-infantil-atractivo-programa-de-partidos","status":"publish","type":"post","link":"https:\/\/eldiariodesanpedro.com.ar\/sitio\/futbol-infantil-atractivo-programa-de-partidos\/","title":{"rendered":"F\u00daTBOL INFANTIL: Atractivo programa de partidos"},"content":{"rendered":"<p><!-- VideographyWP Plugin Message: Automatic video embedding prevented by plugin options. --><br \/>\n  Hoy se juega la 5ta Fecha del Torneo Apertura de la LIF (Liga Infantil de F\u00fatbol) con el siguiente programa:<\/p>\n<p><strong>12:30 horas<\/strong><br \/>\nVilla Igoillo (San Pedro) vs. Paran\u00e1 (San Pedro)<\/p>\n<p><strong>13:00 horas<\/strong><br \/>\nCosta Azul (Baradero) vs. Castro FC (G. Castro)<br \/>\nSportivo (Baradero) vs. Am\u00e9rica (San Pedro)<br \/>\nRacing (San Pedro) vs. El Porvenir (San Pedro)<br \/>\nC. C\u00f3rdoba (Santa Luc\u00eda) vs. Rivadavia (Baradero)<br \/>\nSan Roque FC (San Pedro) vs. Independiente (R\u00edo Tala)<br \/>\nGral. San Mart\u00edn (P. Mill\u00e1n) vs. Independencia (San Pedro)<br \/>\nDef. Unidos (San Pedro) vs. C. A. Mitre (San Pedro)<br \/>\nDep. Alsina (Alsina) vs. Los Andes (San Pedro)<br \/>\nAgricultores Club (G. Castro) vs. Atl\u00e9tico (Baradero)<br \/>\nPescadores (San Pedro) vs. Fundici\u00f3n (Baradero)<br \/>\nLibre: El Tanque (San Pedro)<\/p>\n<p><strong>Posiciones<\/strong><br \/>\n2005: Mitre 8, Independencia 8, Fundici\u00f3n 8, Rivadavia 8, Paran\u00e1 7, El Porvenir 7, Pescadores 6, San Roque 4, Gral. San Mart\u00edn 4, Independiente (R.T.) 4, Sportivo 4, El Tanque 4, Defensores Unidos 4, Central C\u00f3rdoba 3, Am\u00e9rica 2, Castro F.C. 2, Agricultores 1, Racing 1, Alsina 1, Atl\u00e9tico 2, Villa Igoillo 0, Los Andes 0, Costa Azul 0.<\/p>\n<p>2006: Paran\u00e1 8, Gral. San Mart\u00edn 8, El Porvenir 8, San Roque 7, Independencia 6, Fundici\u00f3n 6, Mitre 5, Sportivo 4, Agricultores 4, Villa Igoillo 4, Am\u00e9rica 4, Defensores Unidos 4, Rivadavia 4, El Tanque 4, Atl\u00e9tico 4, Central C\u00f3rdoba 4, Pescadores 2, Independiente (R.T.) 2, Castro F.C. 0, Racing 0, Alsina 0, Los Andes 0, Costa Azul 0.<\/p>\n<p>2007: Paran\u00e1 8, Mitre 7, Independencia 7, Sportivo 6, Rivadavia 6, Gral. San Mart\u00edn 6, Defensores Unidos 6, San Roque 5, El Porvenir 5, El Tanque 5, Atl\u00e9tico 5, Agricultores 4, Fundici\u00f3n 4, Independiente (R.T.) 4, Central C\u00f3rdoba 2, Pescadores 2, Villa Igoillo 2, Castro F.C. 2, Costa Azul 2, Am\u00e9rica 0, Alsina 0, Racing 0, Los Andes 0.<\/p>\n<p>2008: Gral. San Mart\u00edn 8, Sportivo 8, Central C\u00f3rdoba 7, Independencia 7, Defensores Unidos 7, San Roque 6, Paran\u00e1 6, Agricultores 6, El Tanque 4, Alsina 4, Racing 4, Am\u00e9rica 3, Castro FC 3, Villa Igoillo 3, Mitre 2, Fundici\u00f3n 2, El Porvenir 2, Costa Azul 2, Rivadavia 2, Independiente (R.T.) 1, Atl\u00e9tico 1, Pescadores 0, Los Andes 0.<\/p>\n<p>2009: Gral. San Mart\u00edn 8, El Porvenir 8, Paran\u00e1 8, San Roque 6, Agricultores 6, Mitre 5, Villa Igoillo 5, Rivadavia 5, Central C\u00f3rdoba 5, El Tanque 4, Atl\u00e9tico 4, Sportivo 4, Independencia 4, Fundici\u00f3n 3, Pescadores 3, Castro F.C. 2, Alsina 2, Independiente (R.T.) 2, Am\u00e9rica 2, Defensores Unidos 1, Costa Azul 0, Los Andes 1, Racing 0.<\/p>\n<p>2010: El Porvenir 8, Independiente (RT) 6, Gral Rivadavia 6, Paran\u00e1 6, Central C\u00f3rdoba 4, Mitre 4, Atl\u00e9tico 4, San Mart\u00edn 4, Agricultores 3, Fundici\u00f3n 3, El Tanque 2, Independencia 2, Villa Igoillo 2, Costa Azul 2, San Roque 0, Sportivo 0, Alsina 0, Am\u00e9rica 0.<\/p>\n<p><strong>YA ENTRENA EL SELECTIVO<\/strong><br \/>\n  Con 12 convocados para el selectivo, categor\u00eda 2006 de la Liga Infantil de San Pedro, comenz\u00f3 a entrenar este mi\u00e9rcoles en la cancha del Club El Porvenir bajo la Direcci\u00f3n T\u00e9cnica de Leonardo Pedraza y Juan Laserna.<br \/>\nLos convocados:<br \/>\n1- Francisco Corbal\u00e1n Duran (Independencia F.C.)<br \/>\n2- Luciano Recanati (Gral. San Mart\u00edn)<br \/>\n3- Franco Ben\u00edtez (El Porvenir)<br \/>\n4- Alan Gatti (El Tanque)<br \/>\n5- Bautista Camarasa (Paran\u00e1)<br \/>\n6- Bautista Vel\u00e1zquez (Mitre)<br \/>\n7- Eugenio Cardozo (Paran\u00e1)<br \/>\n8- Maximiliano Pitaluga (Gral. San Mart\u00edn)<br \/>\n9- Tom\u00e1s Petruzzelli (Sportivo)<br \/>\n10- Fabricio Macelli (El Porvenir)<br \/>\n11- Bautista Canabal (El Porvenir)<br \/>\n12- Gast\u00f3n Novo (Paran\u00e1)<\/p>\n","protected":false},"excerpt":{"rendered":"<p>Hoy se juega la 5ta Fecha del Torneo Apertura de la LIF (Liga Infantil de F\u00fatbol) con el siguiente programa: 12:30 horas Villa Igoillo (San Pedro) vs. Paran\u00e1 (San Pedro) 13:00 horas Costa Azul (Baradero) vs. Castro FC (G. Castro) Sportivo (Baradero) vs. Am\u00e9rica (San Pedro) Racing (San Pedro) vs. El Porvenir (San Pedro) C. [&hellip;]<\/p>\n","protected":false},"author":4,"featured_media":3872,"comment_status":"open","ping_status":"closed","sticky":false,"template":"","format":"standard","meta":{"om_disable_all_campaigns":false,"_jetpack_memberships_contains_paid_content":false,"footnotes":""},"categories":[5],"tags":[],"class_list":["post-18014","post","type-post","status-publish","format-standard","has-post-thumbnail","hentry","category-deportes"],"aioseo_notices":[],"gutentor_comment":0,"jetpack_featured_media_url":"https:\/\/eldiariodesanpedro.com.ar\/sitio\/wp-content\/uploads\/2016\/05\/futbol_infantil_1024x768_1.jpg","jetpack_shortlink":"https:\/\/wp.me\/p6RhLt-4Gy","jetpack_sharing_enabled":true,"_links":{"self":[{"href":"https:\/\/eldiariodesanpedro.com.ar\/sitio\/wp-json\/wp\/v2\/posts\/18014","targetHints":{"allow":["GET"]}}],"collection":[{"href":"https:\/\/eldiariodesanpedro.com.ar\/sitio\/wp-json\/wp\/v2\/posts"}],"about":[{"href":"https:\/\/eldiariodesanpedro.com.ar\/sitio\/wp-json\/wp\/v2\/types\/post"}],"author":[{"embeddable":true,"href":"https:\/\/eldiariodesanpedro.com.ar\/sitio\/wp-json\/wp\/v2\/users\/4"}],"replies":[{"embeddable":true,"href":"https:\/\/eldiariodesanpedro.com.ar\/sitio\/wp-json\/wp\/v2\/comments?post=18014"}],"version-history":[{"count":1,"href":"https:\/\/eldiariodesanpedro.com.ar\/sitio\/wp-json\/wp\/v2\/posts\/18014\/revisions"}],"predecessor-version":[{"id":18015,"href":"https:\/\/eldiariodesanpedro.com.ar\/sitio\/wp-json\/wp\/v2\/posts\/18014\/revisions\/18015"}],"wp:featuredmedia":[{"embeddable":true,"href":"https:\/\/eldiariodesanpedro.com.ar\/sitio\/wp-json\/wp\/v2\/media\/3872"}],"wp:attachment":[{"href":"https:\/\/eldiariodesanpedro.com.ar\/sitio\/wp-json\/wp\/v2\/media?parent=18014"}],"wp:term":[{"taxonomy":"category","embeddable":true,"href":"https:\/\/eldiariodesanpedro.com.ar\/sitio\/wp-json\/wp\/v2\/categories?post=18014"},{"taxonomy":"post_tag","embeddable":true,"href":"https:\/\/eldiariodesanpedro.com.ar\/sitio\/wp-json\/wp\/v2\/tags?post=18014"}],"curies":[{"name":"wp","href":"https:\/\/api.w.org\/{rel}","templated":true}]}}