{"id":18010,"date":"2017-04-28T20:14:06","date_gmt":"2017-04-28T23:14:06","guid":{"rendered":"https:\/\/eldiariodesanpedro.com.ar\/sitio\/?p=18010"},"modified":"2026-01-24T00:26:25","modified_gmt":"2026-01-24T03:26:25","slug":"patin-carrera-municipalidad-de-san-pedro-en-el-regional-de-rosario","status":"publish","type":"post","link":"https:\/\/eldiariodesanpedro.com.ar\/sitio\/patin-carrera-municipalidad-de-san-pedro-en-el-regional-de-rosario\/","title":{"rendered":"PAT\u00cdN CARRERA: Municipalidad de San Pedro en el regional de Rosario"},"content":{"rendered":"<p><!-- VideographyWP Plugin Message: Automatic video embedding prevented by plugin options. --><br \/>\nEn la pista del predio Municipal Jorge Newbery de Rosario, se llev\u00f3 a cabo la primera Fecha del Campeonato Regional de Pat\u00edn Carrera.<\/p>\n<p>  Entre los equipos participantes, lo hizo Pat\u00edn Carrera Municipalidad de San Pedro, que con los resultados obtenidos dejaron m\u00e1s que conformes a Eduardo Ben\u00edtez, alcanzando el segundo lugar en la clasificaci\u00f3n por equipos.<\/p>\n<p>  Los patinadores sampedrinos participaron de la ceremonia de premiaci\u00f3n donde fueron galardonados y adem\u00e1s trajeron un diploma que certifica su participaci\u00f3n.  <\/p>\n","protected":false},"excerpt":{"rendered":"<p>En la pista del predio Municipal Jorge Newbery de Rosario, se llev\u00f3 a cabo la primera Fecha del Campeonato Regional de Pat\u00edn Carrera. Entre los equipos participantes, lo hizo Pat\u00edn Carrera Municipalidad de San Pedro, que con los resultados obtenidos dejaron m\u00e1s que conformes a Eduardo Ben\u00edtez, alcanzando el segundo lugar en la clasificaci\u00f3n por [&hellip;]<\/p>\n","protected":false},"author":4,"featured_media":18012,"comment_status":"open","ping_status":"closed","sticky":false,"template":"","format":"standard","meta":{"om_disable_all_campaigns":false,"_jetpack_memberships_contains_paid_content":false,"footnotes":""},"categories":[5],"tags":[],"class_list":["post-18010","post","type-post","status-publish","format-standard","has-post-thumbnail","hentry","category-deportes"],"aioseo_notices":[],"gutentor_comment":0,"jetpack_featured_media_url":"https:\/\/eldiariodesanpedro.com.ar\/sitio\/wp-content\/uploads\/2017\/04\/patin-carrera.jpg","jetpack_shortlink":"https:\/\/wp.me\/p6RhLt-4Gu","jetpack_sharing_enabled":true,"_links":{"self":[{"href":"https:\/\/eldiariodesanpedro.com.ar\/sitio\/wp-json\/wp\/v2\/posts\/18010","targetHints":{"allow":["GET"]}}],"collection":[{"href":"https:\/\/eldiariodesanpedro.com.ar\/sitio\/wp-json\/wp\/v2\/posts"}],"about":[{"href":"https:\/\/eldiariodesanpedro.com.ar\/sitio\/wp-json\/wp\/v2\/types\/post"}],"author":[{"embeddable":true,"href":"https:\/\/eldiariodesanpedro.com.ar\/sitio\/wp-json\/wp\/v2\/users\/4"}],"replies":[{"embeddable":true,"href":"https:\/\/eldiariodesanpedro.com.ar\/sitio\/wp-json\/wp\/v2\/comments?post=18010"}],"version-history":[{"count":1,"href":"https:\/\/eldiariodesanpedro.com.ar\/sitio\/wp-json\/wp\/v2\/posts\/18010\/revisions"}],"predecessor-version":[{"id":18013,"href":"https:\/\/eldiariodesanpedro.com.ar\/sitio\/wp-json\/wp\/v2\/posts\/18010\/revisions\/18013"}],"wp:featuredmedia":[{"embeddable":true,"href":"https:\/\/eldiariodesanpedro.com.ar\/sitio\/wp-json\/wp\/v2\/media\/18012"}],"wp:attachment":[{"href":"https:\/\/eldiariodesanpedro.com.ar\/sitio\/wp-json\/wp\/v2\/media?parent=18010"}],"wp:term":[{"taxonomy":"category","embeddable":true,"href":"https:\/\/eldiariodesanpedro.com.ar\/sitio\/wp-json\/wp\/v2\/categories?post=18010"},{"taxonomy":"post_tag","embeddable":true,"href":"https:\/\/eldiariodesanpedro.com.ar\/sitio\/wp-json\/wp\/v2\/tags?post=18010"}],"curies":[{"name":"wp","href":"https:\/\/api.w.org\/{rel}","templated":true}]}}