{"id":18007,"date":"2017-04-28T19:47:29","date_gmt":"2017-04-28T22:47:29","guid":{"rendered":"https:\/\/eldiariodesanpedro.com.ar\/sitio\/?p=18007"},"modified":"2017-04-28T19:47:29","modified_gmt":"2017-04-28T22:47:29","slug":"aproximadamente-en-un-mes-terminarian-las-obras-escalera-de-acceso-al-paseo-publico","status":"publish","type":"post","link":"https:\/\/eldiariodesanpedro.com.ar\/sitio\/aproximadamente-en-un-mes-terminarian-las-obras-escalera-de-acceso-al-paseo-publico\/","title":{"rendered":"APROXIMADAMENTE EN UN MES, TERMINAR\u00cdAN LAS OBRAS: Escalera de acceso al Paseo P\u00fablico"},"content":{"rendered":"<p><!-- VideographyWP Plugin Message: Automatic video embedding prevented by plugin options. --><br \/>\nEl arquitecto Pedro Restelli, a cargo de la obra de la escalera de acceso al Paseo P\u00fablico desde calle Mitre, nos coment\u00f3 el progreso de la misma.<\/p>\n<p>  La obra ya est\u00e1 terminada en su totalidad en lo que respecta a la escalera en s\u00ed. S\u00f3lo faltan algunos detalles de terminaci\u00f3n como por ejemplo el mirador de madera, barandas de protecci\u00f3n y contenci\u00f3n de barranca. Tambi\u00e9n faltan terminar de conformar algunos desag\u00fces pluviales, que son los que evitar\u00e1n la erosi\u00f3n provocada por el agua de lluvia sobre la propia escalera.<\/p>\n<p>  Para alegr\u00eda de los ciudadanos, la escalera se encuentra habilitada para su uso los fines de semana desde Semana Santa, y as\u00ed continuar\u00e1 siendo durante todos los fines de semana que resten hasta su terminaci\u00f3n definitiva. De cualquier manera, nos aconseja utilizarla con precauci\u00f3n.<\/p>\n<p>  Durante los d\u00edas h\u00e1biles de la semana, los trabajos contin\u00faan, por lo que se cierra el paso al p\u00fablico.<\/p>\n<p><strong>El mirador<\/strong><br \/>\n  El mirador de la escalera comenzar\u00e1 con una explanada intermedia que lleva al mismo. Avanza unos pocos metros sobre el vac\u00edo que hace la barranca en esa zona y contar\u00e1 con barandas de madera. \u00c9ste es uno de los detalles que a\u00fan no se ha terminado.<\/p>\n<p>  Est\u00e1 proyectado, adem\u00e1s, conectar con una rampa la zona de la explanada intermedia con otro sector del Boulevard y de esta manera contar con un acceso diferente tanto en subida como en bajada, permitiendo acceder tambi\u00e9n al Paseo P\u00fablico. Esto es un proyecto a futuro que por el momento no se ejecutar\u00e1.<\/p>\n<p><strong>Las barandas<\/strong><br \/>\n  Para parte de las barandas se aprovechar\u00e1n los durmientes que se sacaron de la escalera pre-existente, adem\u00e1s se han conseguido otros de diferente origen.<\/p>\n<p>  Los durmientes se utilizar\u00e1n para barandas y para contenci\u00f3n de barranca, que es otra de las tareas a completar.<\/p>\n<p><strong>La luminaria<\/strong><br \/>\n  Con el objetivo que el pr\u00f3ximo fin de semana, fecha en que se desarrollar\u00e1 AcercArte en San Pedro, la escalera pueda ser utilizada durante toda la jornada, personal de la Municipalidad se encuentra colocando luces provisorias. Las mismas ser\u00e1n reemplazadas en un futuro cercano por la luminaria definitiva, farolas elegidas para acompa\u00f1ar este proyecto.<\/p>\n<p><strong>Tiempo estimado para la finalizaci\u00f3n<\/strong><br \/>\n  El Arquitecto prev\u00e9 que para la terminaci\u00f3n definitiva de la obra resta un mes de trabajo, que depender\u00e1 en cierto punto del clima, que ha sido hasta el momento lo que m\u00e1s ha tra\u00eddo complicaciones en la ejecuci\u00f3n de todos los trabajos. Este es el tiempo estimado, siempre y cuando no surja alg\u00fan imponderable en la obra propiamente dicha.<\/p>\n","protected":false},"excerpt":{"rendered":"<p>El arquitecto Pedro Restelli, a cargo de la obra de la escalera de acceso al Paseo P\u00fablico desde calle Mitre, nos coment\u00f3 el progreso de la misma. La obra ya est\u00e1 terminada en su totalidad en lo que respecta a la escalera en s\u00ed. S\u00f3lo faltan algunos detalles de terminaci\u00f3n como por ejemplo el mirador [&hellip;]<\/p>\n","protected":false},"author":4,"featured_media":18008,"comment_status":"open","ping_status":"closed","sticky":false,"template":"","format":"standard","meta":{"om_disable_all_campaigns":false,"_jetpack_memberships_contains_paid_content":false,"footnotes":""},"categories":[101,2],"tags":[],"class_list":["post-18007","post","type-post","status-publish","format-standard","has-post-thumbnail","hentry","category-interes-general-locales","category-locales"],"aioseo_notices":[],"gutentor_comment":0,"jetpack_featured_media_url":"https:\/\/eldiariodesanpedro.com.ar\/sitio\/wp-content\/uploads\/2017\/04\/La-escalera-acceso-al-paseo-p\u00fablico-estar\u00e1-terminada-en-30-d\u00edas.jpg","jetpack_shortlink":"https:\/\/wp.me\/p6RhLt-4Gr","jetpack_sharing_enabled":true,"_links":{"self":[{"href":"https:\/\/eldiariodesanpedro.com.ar\/sitio\/wp-json\/wp\/v2\/posts\/18007","targetHints":{"allow":["GET"]}}],"collection":[{"href":"https:\/\/eldiariodesanpedro.com.ar\/sitio\/wp-json\/wp\/v2\/posts"}],"about":[{"href":"https:\/\/eldiariodesanpedro.com.ar\/sitio\/wp-json\/wp\/v2\/types\/post"}],"author":[{"embeddable":true,"href":"https:\/\/eldiariodesanpedro.com.ar\/sitio\/wp-json\/wp\/v2\/users\/4"}],"replies":[{"embeddable":true,"href":"https:\/\/eldiariodesanpedro.com.ar\/sitio\/wp-json\/wp\/v2\/comments?post=18007"}],"version-history":[{"count":1,"href":"https:\/\/eldiariodesanpedro.com.ar\/sitio\/wp-json\/wp\/v2\/posts\/18007\/revisions"}],"predecessor-version":[{"id":18009,"href":"https:\/\/eldiariodesanpedro.com.ar\/sitio\/wp-json\/wp\/v2\/posts\/18007\/revisions\/18009"}],"wp:featuredmedia":[{"embeddable":true,"href":"https:\/\/eldiariodesanpedro.com.ar\/sitio\/wp-json\/wp\/v2\/media\/18008"}],"wp:attachment":[{"href":"https:\/\/eldiariodesanpedro.com.ar\/sitio\/wp-json\/wp\/v2\/media?parent=18007"}],"wp:term":[{"taxonomy":"category","embeddable":true,"href":"https:\/\/eldiariodesanpedro.com.ar\/sitio\/wp-json\/wp\/v2\/categories?post=18007"},{"taxonomy":"post_tag","embeddable":true,"href":"https:\/\/eldiariodesanpedro.com.ar\/sitio\/wp-json\/wp\/v2\/tags?post=18007"}],"curies":[{"name":"wp","href":"https:\/\/api.w.org\/{rel}","templated":true}]}}