{"id":18000,"date":"2017-04-28T19:07:03","date_gmt":"2017-04-28T22:07:03","guid":{"rendered":"https:\/\/eldiariodesanpedro.com.ar\/sitio\/?p=18000"},"modified":"2017-04-28T19:07:03","modified_gmt":"2017-04-28T22:07:03","slug":"ramallo-los-gremios-aceptaron-la-propuesta-y-se-cerro-la-paritaria-municipal","status":"publish","type":"post","link":"https:\/\/eldiariodesanpedro.com.ar\/sitio\/ramallo-los-gremios-aceptaron-la-propuesta-y-se-cerro-la-paritaria-municipal\/","title":{"rendered":"RAMALLO: Los gremios aceptaron la propuesta y se cerr\u00f3 la paritaria municipal"},"content":{"rendered":"<p><!-- VideographyWP Plugin Message: Automatic video embedding prevented by plugin options. --><br \/>\n  Los representantes del SOEM, CICOP y del Sindicato de Trabajadores Municipales, aceptaron la propuesta de aumento salarial ofrecida esta ma\u00f1ana por el Gobierno Local. ATE no estuvo en la reuni\u00f3n. <\/p>\n<p>  Con el incremento de una suma fija de $1500 retroactiva al mes de marzo y dos aumentos del 4% en los meses de agosto y octubre, se dio por concluida la negociaci\u00f3n con los gremios que representan a los empleados municipales de Ramallo. ATE no asisti\u00f3 a la reuni\u00f3n, pero como los gremios que estuvieron representan la mayor\u00eda, la oferta se acept\u00f3 y se cerr\u00f3 la paritaria. <\/p>\n","protected":false},"excerpt":{"rendered":"<p>Los representantes del SOEM, CICOP y del Sindicato de Trabajadores Municipales, aceptaron la propuesta de aumento salarial ofrecida esta ma\u00f1ana por el Gobierno Local. ATE no estuvo en la reuni\u00f3n. Con el incremento de una suma fija de $1500 retroactiva al mes de marzo y dos aumentos del 4% en los meses de agosto y [&hellip;]<\/p>\n","protected":false},"author":4,"featured_media":18001,"comment_status":"open","ping_status":"closed","sticky":false,"template":"","format":"standard","meta":{"om_disable_all_campaigns":false,"_jetpack_memberships_contains_paid_content":false,"footnotes":""},"categories":[621],"tags":[],"class_list":["post-18000","post","type-post","status-publish","format-standard","has-post-thumbnail","hentry","category-regionales"],"aioseo_notices":[],"gutentor_comment":0,"jetpack_featured_media_url":"https:\/\/eldiariodesanpedro.com.ar\/sitio\/wp-content\/uploads\/2017\/04\/Los-gremios-aceptaron-la-propuesta-y-se-cerr\u00f3-la-paritaria-municipal.jpg","jetpack_shortlink":"https:\/\/wp.me\/p6RhLt-4Gk","jetpack_sharing_enabled":true,"_links":{"self":[{"href":"https:\/\/eldiariodesanpedro.com.ar\/sitio\/wp-json\/wp\/v2\/posts\/18000","targetHints":{"allow":["GET"]}}],"collection":[{"href":"https:\/\/eldiariodesanpedro.com.ar\/sitio\/wp-json\/wp\/v2\/posts"}],"about":[{"href":"https:\/\/eldiariodesanpedro.com.ar\/sitio\/wp-json\/wp\/v2\/types\/post"}],"author":[{"embeddable":true,"href":"https:\/\/eldiariodesanpedro.com.ar\/sitio\/wp-json\/wp\/v2\/users\/4"}],"replies":[{"embeddable":true,"href":"https:\/\/eldiariodesanpedro.com.ar\/sitio\/wp-json\/wp\/v2\/comments?post=18000"}],"version-history":[{"count":1,"href":"https:\/\/eldiariodesanpedro.com.ar\/sitio\/wp-json\/wp\/v2\/posts\/18000\/revisions"}],"predecessor-version":[{"id":18002,"href":"https:\/\/eldiariodesanpedro.com.ar\/sitio\/wp-json\/wp\/v2\/posts\/18000\/revisions\/18002"}],"wp:featuredmedia":[{"embeddable":true,"href":"https:\/\/eldiariodesanpedro.com.ar\/sitio\/wp-json\/wp\/v2\/media\/18001"}],"wp:attachment":[{"href":"https:\/\/eldiariodesanpedro.com.ar\/sitio\/wp-json\/wp\/v2\/media?parent=18000"}],"wp:term":[{"taxonomy":"category","embeddable":true,"href":"https:\/\/eldiariodesanpedro.com.ar\/sitio\/wp-json\/wp\/v2\/categories?post=18000"},{"taxonomy":"post_tag","embeddable":true,"href":"https:\/\/eldiariodesanpedro.com.ar\/sitio\/wp-json\/wp\/v2\/tags?post=18000"}],"curies":[{"name":"wp","href":"https:\/\/api.w.org\/{rel}","templated":true}]}}