{"id":17997,"date":"2017-04-28T18:59:20","date_gmt":"2017-04-28T21:59:20","guid":{"rendered":"https:\/\/eldiariodesanpedro.com.ar\/sitio\/?p=17997"},"modified":"2017-04-28T18:59:20","modified_gmt":"2017-04-28T21:59:20","slug":"el-concejo-deliberante-de-san-nicolas-aprobo-licencia-de-passaglia-para-que-asuma-en-provincia","status":"publish","type":"post","link":"https:\/\/eldiariodesanpedro.com.ar\/sitio\/el-concejo-deliberante-de-san-nicolas-aprobo-licencia-de-passaglia-para-que-asuma-en-provincia\/","title":{"rendered":"El Concejo Deliberante de San Nicol\u00e1s aprob\u00f3 licencia de Passaglia para que asuma en Provincia"},"content":{"rendered":"<p><!-- VideographyWP Plugin Message: Automatic video embedding prevented by plugin options. --><br \/>\n  El Concejo Deliberante de San Nicol\u00e1s aprob\u00f3 el pedido de licencia del Intendente Municipal Ismael Passaglia, lo que le permitir\u00e1 asumir al frente del Instituto de la Vivienda de la Provincia de Buenos Aires a partir del pr\u00f3ximo martes. El expediente fue aprobado por mayor\u00eda, con 12 votos a favor y 7 en contra.<\/p>\n<p>  El escrito que lleg\u00f3 al HCD pasadas las 11:00 hs. de ayer, estuvo dirigido al presidente del Concejo Ignacio Mateucci, \u201ca los efectos de solicitar la correspondiente autorizaci\u00f3n de la licencia extraordinaria del Sr. Intendente Municipal Dr. Ismael Jos\u00e9 Passaglia para desempe\u00f1arse en la Administraci\u00f3n P\u00fablica Provincial con reserva de cargo, desde el d\u00eda 01 de mayo del corriente\u201d, seg\u00fan consta en el texto. <\/p>\n<p>  Y lleg\u00f3 acompa\u00f1ado por otra nota firmada por Manuel Passaglia, que guarda relaci\u00f3n con la sucesi\u00f3n en el m\u00e1ximo cargo municipal.<br \/>\n  All\u00ed, plantea el pedido de interrupci\u00f3n a su licencia en curso al cargo de concejal (que hab\u00eda solicitado para asumir como secretario de Gesti\u00f3n), paso administrativo que siguiendo lo establecido en la Ley Org\u00e1nica de las Municipalidades, le permitir\u00e1 ejercer interinamente el cargo de intendente.<\/p>\n<p>A su vez consta all\u00ed su renuncia al cargo de Secretario de Gesti\u00f3n.<\/p>\n<p>  Seg\u00fan lo indic\u00f3 el propio Ismael Passaglia, la intenci\u00f3n de la Gobernaci\u00f3n es la de ponerlo en funciones el martes 2 de mayo al frente del Instituto de la Vivienda. <\/p>\n<p>  \u201cLa Gobernadora firmar\u00eda el Decreto de nombramiento este viernes, para que la asunci\u00f3n se produzca la semana que viene\u201d, remarc\u00f3 este martes el Intendente saliente, al tiempo que anticip\u00f3 que para ello su licencia deb\u00eda ser aprobada hoy en el Concejo.<\/p>\n<p>  Recordemos que de esta forma el Contador Manuel Passaglia asumir\u00e1 como Intendente de la ciudad de San Nicol\u00e1s, tal como lo establece la Ley Org\u00e1nica Municipal. (Diario El Norte)<\/p>\n","protected":false},"excerpt":{"rendered":"<p>El Concejo Deliberante de San Nicol\u00e1s aprob\u00f3 el pedido de licencia del Intendente Municipal Ismael Passaglia, lo que le permitir\u00e1 asumir al frente del Instituto de la Vivienda de la Provincia de Buenos Aires a partir del pr\u00f3ximo martes. El expediente fue aprobado por mayor\u00eda, con 12 votos a favor y 7 en contra. El [&hellip;]<\/p>\n","protected":false},"author":4,"featured_media":17998,"comment_status":"open","ping_status":"closed","sticky":false,"template":"","format":"standard","meta":{"om_disable_all_campaigns":false,"_jetpack_memberships_contains_paid_content":false,"footnotes":""},"categories":[621],"tags":[],"class_list":["post-17997","post","type-post","status-publish","format-standard","has-post-thumbnail","hentry","category-regionales"],"aioseo_notices":[],"gutentor_comment":0,"jetpack_featured_media_url":"https:\/\/eldiariodesanpedro.com.ar\/sitio\/wp-content\/uploads\/2017\/04\/Passaglia-asumir\u00e1-al-frente-del-Instituto-de-la-Vivienda-de-la-Provincia-de-Buenos-Aires.jpg","jetpack_shortlink":"https:\/\/wp.me\/p6RhLt-4Gh","jetpack_sharing_enabled":true,"_links":{"self":[{"href":"https:\/\/eldiariodesanpedro.com.ar\/sitio\/wp-json\/wp\/v2\/posts\/17997","targetHints":{"allow":["GET"]}}],"collection":[{"href":"https:\/\/eldiariodesanpedro.com.ar\/sitio\/wp-json\/wp\/v2\/posts"}],"about":[{"href":"https:\/\/eldiariodesanpedro.com.ar\/sitio\/wp-json\/wp\/v2\/types\/post"}],"author":[{"embeddable":true,"href":"https:\/\/eldiariodesanpedro.com.ar\/sitio\/wp-json\/wp\/v2\/users\/4"}],"replies":[{"embeddable":true,"href":"https:\/\/eldiariodesanpedro.com.ar\/sitio\/wp-json\/wp\/v2\/comments?post=17997"}],"version-history":[{"count":1,"href":"https:\/\/eldiariodesanpedro.com.ar\/sitio\/wp-json\/wp\/v2\/posts\/17997\/revisions"}],"predecessor-version":[{"id":17999,"href":"https:\/\/eldiariodesanpedro.com.ar\/sitio\/wp-json\/wp\/v2\/posts\/17997\/revisions\/17999"}],"wp:featuredmedia":[{"embeddable":true,"href":"https:\/\/eldiariodesanpedro.com.ar\/sitio\/wp-json\/wp\/v2\/media\/17998"}],"wp:attachment":[{"href":"https:\/\/eldiariodesanpedro.com.ar\/sitio\/wp-json\/wp\/v2\/media?parent=17997"}],"wp:term":[{"taxonomy":"category","embeddable":true,"href":"https:\/\/eldiariodesanpedro.com.ar\/sitio\/wp-json\/wp\/v2\/categories?post=17997"},{"taxonomy":"post_tag","embeddable":true,"href":"https:\/\/eldiariodesanpedro.com.ar\/sitio\/wp-json\/wp\/v2\/tags?post=17997"}],"curies":[{"name":"wp","href":"https:\/\/api.w.org\/{rel}","templated":true}]}}