{"id":17994,"date":"2017-04-28T18:52:02","date_gmt":"2017-04-28T21:52:02","guid":{"rendered":"https:\/\/eldiariodesanpedro.com.ar\/sitio\/?p=17994"},"modified":"2017-04-28T18:52:02","modified_gmt":"2017-04-28T21:52:02","slug":"arreglan-calle-frers-en-zona-fabril","status":"publish","type":"post","link":"https:\/\/eldiariodesanpedro.com.ar\/sitio\/arreglan-calle-frers-en-zona-fabril\/","title":{"rendered":"Arreglan calle Frers en zona fabril"},"content":{"rendered":"<p><!-- VideographyWP Plugin Message: Automatic video embedding prevented by plugin options. --><br \/>\nSe han iniciado esta semana las tareas para el arreglo de la calle Frers desde el camino Crucero General Belgrano hacia la zona de f\u00e1bricas, esta renovaci\u00f3n es posible gracias al aporte de las empresas establecidas en la zona.<\/p>\n<p>  En ese sentido, Silvio Corti Secretario de Gobierno, explic\u00f3: \u201cDesde hace mucho tiempo, los vecinos de la zona y fundamentalmente las empresas ubicadas sobre esa calle, reclamaban, son aproximadamente 900 mts. m\u00e1s la parte que contin\u00faa hacia la Papelera, que tambi\u00e9n es la entrada al Basural utilizada por los camiones de la empresa recolectora\u201d.<\/p>\n<p>  \u201cEl tremendo deterioro que ten\u00eda estaba generando grand\u00edsimos trastornos para la empresa que conocemos como la Cartonera. Sus proveedores y clientes no quer\u00edan entrar a la f\u00e1brica\u201d, sostuvo luego.<\/p>\n<p>  \u201cEl romper y reconstruir esos 900 m. es un trabajo muy costoso que deb\u00eda hacerse y, afortunadamente, han tomado conciencia todos los empresarios que utilizan esa parte de la calle. Y son ellos junto al Municipio los que est\u00e1n haciendo la inversi\u00f3n para la reparaci\u00f3n\u201d, dijo. <\/p>\n<p>  Al tiempo que agreg\u00f3: \u201cEl Municipio est\u00e1 aportando las m\u00e1quinas y los trabajadores para lo que es el movimiento de suelo y luego los privados han contratado una empresa que pondr\u00e1 el material y un producto qu\u00edmico que permitir\u00e1 la impermeabilidad y la contenci\u00f3n, de manera que se recupere la transitabilidad del camino\u201d.<\/p>\n","protected":false},"excerpt":{"rendered":"<p>Se han iniciado esta semana las tareas para el arreglo de la calle Frers desde el camino Crucero General Belgrano hacia la zona de f\u00e1bricas, esta renovaci\u00f3n es posible gracias al aporte de las empresas establecidas en la zona. En ese sentido, Silvio Corti Secretario de Gobierno, explic\u00f3: \u201cDesde hace mucho tiempo, los vecinos de [&hellip;]<\/p>\n","protected":false},"author":4,"featured_media":17995,"comment_status":"open","ping_status":"closed","sticky":false,"template":"","format":"standard","meta":{"om_disable_all_campaigns":false,"_jetpack_memberships_contains_paid_content":false,"footnotes":""},"categories":[101,2],"tags":[],"class_list":["post-17994","post","type-post","status-publish","format-standard","has-post-thumbnail","hentry","category-interes-general-locales","category-locales"],"aioseo_notices":[],"gutentor_comment":0,"jetpack_featured_media_url":"https:\/\/eldiariodesanpedro.com.ar\/sitio\/wp-content\/uploads\/2017\/04\/arreglo-calle-frers.jpg","jetpack_shortlink":"https:\/\/wp.me\/p6RhLt-4Ge","jetpack_sharing_enabled":true,"_links":{"self":[{"href":"https:\/\/eldiariodesanpedro.com.ar\/sitio\/wp-json\/wp\/v2\/posts\/17994","targetHints":{"allow":["GET"]}}],"collection":[{"href":"https:\/\/eldiariodesanpedro.com.ar\/sitio\/wp-json\/wp\/v2\/posts"}],"about":[{"href":"https:\/\/eldiariodesanpedro.com.ar\/sitio\/wp-json\/wp\/v2\/types\/post"}],"author":[{"embeddable":true,"href":"https:\/\/eldiariodesanpedro.com.ar\/sitio\/wp-json\/wp\/v2\/users\/4"}],"replies":[{"embeddable":true,"href":"https:\/\/eldiariodesanpedro.com.ar\/sitio\/wp-json\/wp\/v2\/comments?post=17994"}],"version-history":[{"count":1,"href":"https:\/\/eldiariodesanpedro.com.ar\/sitio\/wp-json\/wp\/v2\/posts\/17994\/revisions"}],"predecessor-version":[{"id":17996,"href":"https:\/\/eldiariodesanpedro.com.ar\/sitio\/wp-json\/wp\/v2\/posts\/17994\/revisions\/17996"}],"wp:featuredmedia":[{"embeddable":true,"href":"https:\/\/eldiariodesanpedro.com.ar\/sitio\/wp-json\/wp\/v2\/media\/17995"}],"wp:attachment":[{"href":"https:\/\/eldiariodesanpedro.com.ar\/sitio\/wp-json\/wp\/v2\/media?parent=17994"}],"wp:term":[{"taxonomy":"category","embeddable":true,"href":"https:\/\/eldiariodesanpedro.com.ar\/sitio\/wp-json\/wp\/v2\/categories?post=17994"},{"taxonomy":"post_tag","embeddable":true,"href":"https:\/\/eldiariodesanpedro.com.ar\/sitio\/wp-json\/wp\/v2\/tags?post=17994"}],"curies":[{"name":"wp","href":"https:\/\/api.w.org\/{rel}","templated":true}]}}