{"id":17991,"date":"2017-04-28T18:49:30","date_gmt":"2017-04-28T21:49:30","guid":{"rendered":"https:\/\/eldiariodesanpedro.com.ar\/sitio\/?p=17991"},"modified":"2017-04-28T18:49:30","modified_gmt":"2017-04-28T21:49:30","slug":"la-ruta-1001-sera-demarcada-la-proxima-semana","status":"publish","type":"post","link":"https:\/\/eldiariodesanpedro.com.ar\/sitio\/la-ruta-1001-sera-demarcada-la-proxima-semana\/","title":{"rendered":"La Ruta 1001 ser\u00e1 demarcada la pr\u00f3xima semana"},"content":{"rendered":"<p><!-- VideographyWP Plugin Message: Automatic video embedding prevented by plugin options. --><br \/>\n  El Intendente Salazar estuvo reunido con el Administrador de Vialidad Nacional Javier Iguacel en la jornada del mi\u00e9rcoles pasado.<\/p>\n<p>  En el encuentro, el Mandatario Municipal y el funcionario nacional hablaron de la se\u00f1alizaci\u00f3n de la Ruta 1001. <\/p>\n<p>  Seg\u00fan se pudo establecer, de no mediar alg\u00fan tipo de circunstancia, el martes 2 de mayo la empresa que tiene adjudicada la obra comenzar\u00eda con los trabajos en uno de los ingresos a la ciudad.<\/p>\n<p>  Tras la repavimentaci\u00f3n, tan solo se hab\u00eda trazado en forma provisoria la divisi\u00f3n del carril.<\/p>\n<p>  Ahora las tareas ser\u00e1n realizadas con una pintura refractaria especial que permitir\u00e1 a los conductores visualizar con precisi\u00f3n los l\u00edmites de la calzada y la divisi\u00f3n de los andariveles.<\/p>\n","protected":false},"excerpt":{"rendered":"<p>El Intendente Salazar estuvo reunido con el Administrador de Vialidad Nacional Javier Iguacel en la jornada del mi\u00e9rcoles pasado. En el encuentro, el Mandatario Municipal y el funcionario nacional hablaron de la se\u00f1alizaci\u00f3n de la Ruta 1001. Seg\u00fan se pudo establecer, de no mediar alg\u00fan tipo de circunstancia, el martes 2 de mayo la empresa [&hellip;]<\/p>\n","protected":false},"author":4,"featured_media":17992,"comment_status":"open","ping_status":"closed","sticky":false,"template":"","format":"standard","meta":{"om_disable_all_campaigns":false,"_jetpack_memberships_contains_paid_content":false,"footnotes":""},"categories":[101,2],"tags":[],"class_list":["post-17991","post","type-post","status-publish","format-standard","has-post-thumbnail","hentry","category-interes-general-locales","category-locales"],"aioseo_notices":[],"gutentor_comment":0,"jetpack_featured_media_url":"https:\/\/eldiariodesanpedro.com.ar\/sitio\/wp-content\/uploads\/2017\/04\/iguacel_cecilio.jpg","jetpack_shortlink":"https:\/\/wp.me\/p6RhLt-4Gb","jetpack_sharing_enabled":true,"_links":{"self":[{"href":"https:\/\/eldiariodesanpedro.com.ar\/sitio\/wp-json\/wp\/v2\/posts\/17991","targetHints":{"allow":["GET"]}}],"collection":[{"href":"https:\/\/eldiariodesanpedro.com.ar\/sitio\/wp-json\/wp\/v2\/posts"}],"about":[{"href":"https:\/\/eldiariodesanpedro.com.ar\/sitio\/wp-json\/wp\/v2\/types\/post"}],"author":[{"embeddable":true,"href":"https:\/\/eldiariodesanpedro.com.ar\/sitio\/wp-json\/wp\/v2\/users\/4"}],"replies":[{"embeddable":true,"href":"https:\/\/eldiariodesanpedro.com.ar\/sitio\/wp-json\/wp\/v2\/comments?post=17991"}],"version-history":[{"count":1,"href":"https:\/\/eldiariodesanpedro.com.ar\/sitio\/wp-json\/wp\/v2\/posts\/17991\/revisions"}],"predecessor-version":[{"id":17993,"href":"https:\/\/eldiariodesanpedro.com.ar\/sitio\/wp-json\/wp\/v2\/posts\/17991\/revisions\/17993"}],"wp:featuredmedia":[{"embeddable":true,"href":"https:\/\/eldiariodesanpedro.com.ar\/sitio\/wp-json\/wp\/v2\/media\/17992"}],"wp:attachment":[{"href":"https:\/\/eldiariodesanpedro.com.ar\/sitio\/wp-json\/wp\/v2\/media?parent=17991"}],"wp:term":[{"taxonomy":"category","embeddable":true,"href":"https:\/\/eldiariodesanpedro.com.ar\/sitio\/wp-json\/wp\/v2\/categories?post=17991"},{"taxonomy":"post_tag","embeddable":true,"href":"https:\/\/eldiariodesanpedro.com.ar\/sitio\/wp-json\/wp\/v2\/tags?post=17991"}],"curies":[{"name":"wp","href":"https:\/\/api.w.org\/{rel}","templated":true}]}}