{"id":17988,"date":"2017-04-28T18:39:00","date_gmt":"2017-04-28T21:39:00","guid":{"rendered":"https:\/\/eldiariodesanpedro.com.ar\/sitio\/?p=17988"},"modified":"2017-04-28T18:39:00","modified_gmt":"2017-04-28T21:39:00","slug":"conflicto-sindicatos-circulo-medico-roberto-gabito-hizo-uso-de-la-banca-abierta","status":"publish","type":"post","link":"https:\/\/eldiariodesanpedro.com.ar\/sitio\/conflicto-sindicatos-circulo-medico-roberto-gabito-hizo-uso-de-la-banca-abierta\/","title":{"rendered":"Conflicto Sindicatos &#8211; C\u00edrculo M\u00e9dico: Roberto Gabito hizo uso de la Banca Abierta"},"content":{"rendered":"<p><!-- VideographyWP Plugin Message: Automatic video embedding prevented by plugin options. --><br \/>\nTal como se esperaba, Roberto Gabito, en representaci\u00f3n de los gremios, se expres\u00f3 ante los ediles sobre el conflicto que tienen las obras sociales sindicales con el C\u00edrculo M\u00e9dico.<\/p>\n<p>En principio grafic\u00f3 la situaci\u00f3n: \u201cSe requiere un incremento del 43% sobre los aranceles que est\u00e1n cobrando ahora y los que est\u00e1n cobrando ahora ya est\u00e1n un 40% por encima de los valores del mercado\u201d. Y agreg\u00f3: \u201cNos hemos juntado todas las obras sociales para tratar de llevar adelante una negociaci\u00f3n con el C\u00edrculo M\u00e9dico, no hemos tenido ninguna respuesta\u201d. \u201cEstamos evaluando hacer una movilizaci\u00f3n el martes o el d\u00eda que se re\u00fanan\u201d, asever\u00f3 Gabito.<\/p>\n<p>En tanto que dijo que \u201calgunos\u201d profesionales a los pacientes \u201ccon una mano lo est\u00e1n saludando y con la otra le est\u00e1n poniendo una mano en el bolsillo para literalmente robarles\u201d. Justo en ese momento ingresaba al recinto el Dr. Julio Caraballo, integrante de la entidad que nuclea a los m\u00e9dicos de nuestra ciudad.<\/p>\n<p>Adem\u00e1s, el dirigente gremial pidi\u00f3 el apoyo a los concejales para encontrar una soluci\u00f3n al conflicto.<\/p>\n","protected":false},"excerpt":{"rendered":"<p>Tal como se esperaba, Roberto Gabito, en representaci\u00f3n de los gremios, se expres\u00f3 ante los ediles sobre el conflicto que tienen las obras sociales sindicales con el C\u00edrculo M\u00e9dico. En principio grafic\u00f3 la situaci\u00f3n: \u201cSe requiere un incremento del 43% sobre los aranceles que est\u00e1n cobrando ahora y los que est\u00e1n cobrando ahora ya est\u00e1n [&hellip;]<\/p>\n","protected":false},"author":4,"featured_media":17989,"comment_status":"open","ping_status":"closed","sticky":false,"template":"","format":"standard","meta":{"om_disable_all_campaigns":false,"_jetpack_memberships_contains_paid_content":false,"footnotes":""},"categories":[2,102],"tags":[],"class_list":["post-17988","post","type-post","status-publish","format-standard","has-post-thumbnail","hentry","category-locales","category-politica-locales"],"aioseo_notices":[],"gutentor_comment":0,"jetpack_featured_media_url":"https:\/\/eldiariodesanpedro.com.ar\/sitio\/wp-content\/uploads\/2017\/04\/Roberto-Gabito.jpg","jetpack_shortlink":"https:\/\/wp.me\/p6RhLt-4G8","jetpack_sharing_enabled":true,"_links":{"self":[{"href":"https:\/\/eldiariodesanpedro.com.ar\/sitio\/wp-json\/wp\/v2\/posts\/17988","targetHints":{"allow":["GET"]}}],"collection":[{"href":"https:\/\/eldiariodesanpedro.com.ar\/sitio\/wp-json\/wp\/v2\/posts"}],"about":[{"href":"https:\/\/eldiariodesanpedro.com.ar\/sitio\/wp-json\/wp\/v2\/types\/post"}],"author":[{"embeddable":true,"href":"https:\/\/eldiariodesanpedro.com.ar\/sitio\/wp-json\/wp\/v2\/users\/4"}],"replies":[{"embeddable":true,"href":"https:\/\/eldiariodesanpedro.com.ar\/sitio\/wp-json\/wp\/v2\/comments?post=17988"}],"version-history":[{"count":1,"href":"https:\/\/eldiariodesanpedro.com.ar\/sitio\/wp-json\/wp\/v2\/posts\/17988\/revisions"}],"predecessor-version":[{"id":17990,"href":"https:\/\/eldiariodesanpedro.com.ar\/sitio\/wp-json\/wp\/v2\/posts\/17988\/revisions\/17990"}],"wp:featuredmedia":[{"embeddable":true,"href":"https:\/\/eldiariodesanpedro.com.ar\/sitio\/wp-json\/wp\/v2\/media\/17989"}],"wp:attachment":[{"href":"https:\/\/eldiariodesanpedro.com.ar\/sitio\/wp-json\/wp\/v2\/media?parent=17988"}],"wp:term":[{"taxonomy":"category","embeddable":true,"href":"https:\/\/eldiariodesanpedro.com.ar\/sitio\/wp-json\/wp\/v2\/categories?post=17988"},{"taxonomy":"post_tag","embeddable":true,"href":"https:\/\/eldiariodesanpedro.com.ar\/sitio\/wp-json\/wp\/v2\/tags?post=17988"}],"curies":[{"name":"wp","href":"https:\/\/api.w.org\/{rel}","templated":true}]}}