{"id":17984,"date":"2017-04-28T18:31:42","date_gmt":"2017-04-28T21:31:42","guid":{"rendered":"https:\/\/eldiariodesanpedro.com.ar\/sitio\/?p=17984"},"modified":"2017-04-28T18:33:49","modified_gmt":"2017-04-28T21:33:49","slug":"en-alerta-por-la-proliferacion-de-plantas-robadas","status":"publish","type":"post","link":"https:\/\/eldiariodesanpedro.com.ar\/sitio\/en-alerta-por-la-proliferacion-de-plantas-robadas\/","title":{"rendered":"En alerta por la proliferaci\u00f3n de plantas robadas"},"content":{"rendered":"<p><!-- VideographyWP Plugin Message: Automatic video embedding prevented by plugin options. --><br \/>\nLa C\u00e1mara de Viveristas de San Pedro recomienda a los propietarios de kioscos y puestos de venta de productos regionales de la regi\u00f3n, la adquisici\u00f3n de esta mercader\u00eda s\u00f3lo con productores reconocidos y habilitados para tal fin, sean socios o no de la entidad.<\/p>\n<p>Lamentablemente en esta \u00e9poca proliferan las ofertas de plantines y otro tipo de productos de dudosa procedencia para ser revendidos en puestos ubicados en zonas de alto tr\u00e1nsito, con costos llamativamente inferiores a los de mercado.<\/p>\n<p>Esto es posible porque en la mayor\u00eda de los casos se trata de mercader\u00eda robada que genera un impacto econ\u00f3mico importante en quienes trabajan todo el a\u00f1o para la obtenci\u00f3n de estos productos. Adem\u00e1s, ponen en riesgo la salubridad de los consumidores al no haber seguido los ciclos y controles que s\u00ed respetan los productores encuadrados en las normas.<\/p>\n<p>Si entre todos, sampedrinos y turistas, respaldamos a quienes trabajan legalmente,  podremos seguir fortaleciendo al sector que representa un actor fundamental en la econom\u00eda regional.<\/p>\n","protected":false},"excerpt":{"rendered":"<p>La C\u00e1mara de Viveristas de San Pedro recomienda a los propietarios de kioscos y puestos de venta de productos regionales de la regi\u00f3n, la adquisici\u00f3n de esta mercader\u00eda s\u00f3lo con productores reconocidos y habilitados para tal fin, sean socios o no de la entidad. Lamentablemente en esta \u00e9poca proliferan las ofertas de plantines y otro [&hellip;]<\/p>\n","protected":false},"author":4,"featured_media":17985,"comment_status":"open","ping_status":"closed","sticky":false,"template":"","format":"standard","meta":{"om_disable_all_campaigns":false,"_jetpack_memberships_contains_paid_content":false,"footnotes":""},"categories":[50,2,103],"tags":[],"class_list":["post-17984","post","type-post","status-publish","format-standard","has-post-thumbnail","hentry","category-destacadas","category-locales","category-policiales-locales"],"aioseo_notices":[],"gutentor_comment":0,"jetpack_featured_media_url":"https:\/\/eldiariodesanpedro.com.ar\/sitio\/wp-content\/uploads\/2017\/04\/plantas.jpg","jetpack_shortlink":"https:\/\/wp.me\/p6RhLt-4G4","jetpack_sharing_enabled":true,"_links":{"self":[{"href":"https:\/\/eldiariodesanpedro.com.ar\/sitio\/wp-json\/wp\/v2\/posts\/17984","targetHints":{"allow":["GET"]}}],"collection":[{"href":"https:\/\/eldiariodesanpedro.com.ar\/sitio\/wp-json\/wp\/v2\/posts"}],"about":[{"href":"https:\/\/eldiariodesanpedro.com.ar\/sitio\/wp-json\/wp\/v2\/types\/post"}],"author":[{"embeddable":true,"href":"https:\/\/eldiariodesanpedro.com.ar\/sitio\/wp-json\/wp\/v2\/users\/4"}],"replies":[{"embeddable":true,"href":"https:\/\/eldiariodesanpedro.com.ar\/sitio\/wp-json\/wp\/v2\/comments?post=17984"}],"version-history":[{"count":1,"href":"https:\/\/eldiariodesanpedro.com.ar\/sitio\/wp-json\/wp\/v2\/posts\/17984\/revisions"}],"predecessor-version":[{"id":17987,"href":"https:\/\/eldiariodesanpedro.com.ar\/sitio\/wp-json\/wp\/v2\/posts\/17984\/revisions\/17987"}],"wp:featuredmedia":[{"embeddable":true,"href":"https:\/\/eldiariodesanpedro.com.ar\/sitio\/wp-json\/wp\/v2\/media\/17985"}],"wp:attachment":[{"href":"https:\/\/eldiariodesanpedro.com.ar\/sitio\/wp-json\/wp\/v2\/media?parent=17984"}],"wp:term":[{"taxonomy":"category","embeddable":true,"href":"https:\/\/eldiariodesanpedro.com.ar\/sitio\/wp-json\/wp\/v2\/categories?post=17984"},{"taxonomy":"post_tag","embeddable":true,"href":"https:\/\/eldiariodesanpedro.com.ar\/sitio\/wp-json\/wp\/v2\/tags?post=17984"}],"curies":[{"name":"wp","href":"https:\/\/api.w.org\/{rel}","templated":true}]}}